{"id":50917,"date":"2022-04-20T10:53:39","date_gmt":"2022-04-20T15:53:39","guid":{"rendered":"https:\/\/nvnoticias.mx\/?p=50917"},"modified":"2022-04-20T11:45:16","modified_gmt":"2022-04-20T16:45:16","slug":"vinculan-a-cinco-personas-por-multihomicidio-en-tultepec","status":"publish","type":"post","link":"https:\/\/nvnoticias.mx\/index.php\/2022\/04\/20\/vinculan-a-cinco-personas-por-multihomicidio-en-tultepec\/","title":{"rendered":"Vinculan a cinco personas por multihomicidio en Tultepec"},"content":{"rendered":"\n<p>Durante la presentaci\u00f3n del reporte \u201cCero Impunidad\u201d, Ricardo Mej\u00eda, subsecretario de Seguridad y Protecci\u00f3n Ciudadana, inform\u00f3 esta ma\u00f1ana que en el caso del multihomicidio de ocho personas pertenecientes a una misma familia en el municipio de Tultepec, nueve sujetos ya fueron detenidos, de los cuales cinco fueron vinculados a proceso. <\/p>\n\n\n\n<p>Durante el informe de seguridad mensual del presidente de M\u00e9xico, Andr\u00e9s Manuel L\u00f3pez Obrador, el subsecretario mencion\u00f3 que entre los presuntos responsables de homicidio se encuentran dos menores de edad que fueron puestos a disposici\u00f3n por las autoridades correspondientes que atienden estos temas. <\/p>\n\n\n\n<blockquote class=\"wp-block-quote is-layout-flow wp-block-quote-is-layout-flow\"><p>\u201cEs un grupo criminal que se identifica como &#8216;Los Rikis&#8217;, cuya cabeza, &#8216;Ricky&#8217; Angel N ya fue detenido, ya est\u00e1n vinculados a proceso cinco de ellos y entre ellos est\u00e1n dos menores que ya fueron puestos a disposici\u00f3n tambi\u00e9n de las autoridades que atienden temas relacionados con menores en conflicto con la ley\u201d. <\/p><\/blockquote>\n\n\n\n<p>A\u00f1adi\u00f3 que toda la c\u00e9lula que intervino en estos hechos criminales ya est\u00e1 detenida, inclu\u00eddo Ricky \u00c1ngel \u201cN\u201d, presunto l\u00edder del grupo delictivo \u201cLos Rikis\u201d, dedicado al robo con violencia en Tultepec, Melchor Ocampo y Cuautitl\u00e1n. <\/p>\n\n\n\n<p>En la imagen de los detenidos, se observa que de las nueve personas, siete son hombres y dos mujeres. Cabe recordar que el pasado fin de semana agentes de la Fiscal\u00eda General de Justicia del Estado de M\u00e9xico llevaron a cabo la detenci\u00f3n de estos sujetos presuntamente involucradas en el asesinato a esta familia dentro de su vivienda, por impacto de arma de fuego. <\/p>\n\n\n\n<p>Fuente: <a href=\"https:\/\/www.milenio.com\/policia\/vinculan-a-cinco-personas-por-multihomicidio-de-tultepec\" data-type=\"URL\" data-id=\"https:\/\/www.milenio.com\/policia\/vinculan-a-cinco-personas-por-multihomicidio-de-tultepec\">Milenio<\/a> <\/p>\n","protected":false},"excerpt":{"rendered":"<p>Durante la presentaci\u00f3n del reporte \u201cCero Impunidad\u201d, Ricardo Mej\u00eda, subsecretario de Seguridad y Protecci\u00f3n Ciudadana, inform\u00f3 esta ma\u00f1ana que en el caso del multihomicidio de ocho personas pertenecientes a una misma familia en el municipio de Tultepec, nueve sujetos ya fueron detenidos, de los cuales cinco fueron vinculados a proceso. Durante el informe de seguridad [&hellip;]<\/p>\n","protected":false},"author":35,"featured_media":7348,"comment_status":"open","ping_status":"open","sticky":false,"template":"","format":"standard","meta":{"_monsterinsights_skip_tracking":false,"_monsterinsights_sitenote_active":false,"_monsterinsights_sitenote_note":"","_monsterinsights_sitenote_category":0,"footnotes":""},"categories":[157],"tags":[8424,2901,12463,12006],"class_list":["post-50917","post","type-post","status-publish","format-standard","has-post-thumbnail","hentry","category-nacional","tag-multihomicidio","tag-personas","tag-tultepec","tag-vinculan","wp-image-borders"],"amp_enabled":true,"_links":{"self":[{"href":"https:\/\/nvnoticias.mx\/index.php\/wp-json\/wp\/v2\/posts\/50917","targetHints":{"allow":["GET"]}}],"collection":[{"href":"https:\/\/nvnoticias.mx\/index.php\/wp-json\/wp\/v2\/posts"}],"about":[{"href":"https:\/\/nvnoticias.mx\/index.php\/wp-json\/wp\/v2\/types\/post"}],"author":[{"embeddable":true,"href":"https:\/\/nvnoticias.mx\/index.php\/wp-json\/wp\/v2\/users\/35"}],"replies":[{"embeddable":true,"href":"https:\/\/nvnoticias.mx\/index.php\/wp-json\/wp\/v2\/comments?post=50917"}],"version-history":[{"count":3,"href":"https:\/\/nvnoticias.mx\/index.php\/wp-json\/wp\/v2\/posts\/50917\/revisions"}],"predecessor-version":[{"id":50920,"href":"https:\/\/nvnoticias.mx\/index.php\/wp-json\/wp\/v2\/posts\/50917\/revisions\/50920"}],"wp:featuredmedia":[{"embeddable":true,"href":"https:\/\/nvnoticias.mx\/index.php\/wp-json\/wp\/v2\/media\/7348"}],"wp:attachment":[{"href":"https:\/\/nvnoticias.mx\/index.php\/wp-json\/wp\/v2\/media?parent=50917"}],"wp:term":[{"taxonomy":"category","embeddable":true,"href":"https:\/\/nvnoticias.mx\/index.php\/wp-json\/wp\/v2\/categories?post=50917"},{"taxonomy":"post_tag","embeddable":true,"href":"https:\/\/nvnoticias.mx\/index.php\/wp-json\/wp\/v2\/tags?post=50917"}],"curies":[{"name":"wp","href":"https:\/\/api.w.org\/{rel}","templated":true}]}}