{"id":50903,"date":"2022-04-20T10:09:06","date_gmt":"2022-04-20T15:09:06","guid":{"rendered":"https:\/\/nvnoticias.mx\/?p=50903"},"modified":"2022-04-20T10:09:08","modified_gmt":"2022-04-20T15:09:08","slug":"agradece-amlo-a-legisladores-por-aprobar-la-ley-minera","status":"publish","type":"post","link":"https:\/\/nvnoticias.mx\/index.php\/2022\/04\/20\/agradece-amlo-a-legisladores-por-aprobar-la-ley-minera\/","title":{"rendered":"Agradece AMLO a legisladores por aprobar la Ley Minera"},"content":{"rendered":"\n<p>L\u00f3pez Obrador agradeci\u00f3 a los legisladores por la aprobaci\u00f3n de las reformas a la Ley Minera, a la vez que hizo un llamado a los empresarios extranjeros que tienen concesiones en M\u00e9xico para la extracci\u00f3n del litio, pues advirti\u00f3 que buscar\u00e1 defender los recursos naturales que son de la naci\u00f3n.<\/p>\n\n\n\n<p>\u00a0 \u201cQuiero mandar mi reconocimiento a los legisladores, diputados, senadores que apoyaron la reforma en materia de miner\u00eda. (&#8230;) Le estoy pidiendo a los accionistas de las empresas, gerentes, que empiecen ya a llevar a cabo consultas con sus abogados, nada m\u00e1s que sean abogados serios, que no les est\u00e9n mintiendo, porque ya es cosa juzgada. Fue un triunfo\u201d, a\u00f1adi\u00f3. <\/p>\n\n\n\n<p>Fuente: <a href=\"https:\/\/www.milenio.com\/politica\/amlo-temas-conferencia-mananera-20-abril-2022\" data-type=\"URL\" data-id=\"https:\/\/www.milenio.com\/politica\/amlo-temas-conferencia-mananera-20-abril-2022\">Milenio<\/a><\/p>\n","protected":false},"excerpt":{"rendered":"<p>L\u00f3pez Obrador agradeci\u00f3 a los legisladores por la aprobaci\u00f3n de las reformas a la Ley Minera, a la vez que hizo un llamado a los empresarios extranjeros que tienen concesiones en M\u00e9xico para la extracci\u00f3n del litio, pues advirti\u00f3 que buscar\u00e1 defender los recursos naturales que son de la naci\u00f3n. \u00a0 \u201cQuiero mandar mi reconocimiento [&hellip;]<\/p>\n","protected":false},"author":35,"featured_media":35643,"comment_status":"open","ping_status":"open","sticky":false,"template":"","format":"standard","meta":{"_monsterinsights_skip_tracking":false,"_monsterinsights_sitenote_active":false,"_monsterinsights_sitenote_note":"","_monsterinsights_sitenote_category":0,"footnotes":""},"categories":[157],"tags":[8765,188,4524,5957,13329,162],"class_list":["post-50903","post","type-post","status-publish","format-standard","has-post-thumbnail","hentry","category-nacional","tag-agradece","tag-amlo","tag-aprobar","tag-legisladores","tag-ley-minera","tag-portada","wp-image-borders"],"amp_enabled":true,"_links":{"self":[{"href":"https:\/\/nvnoticias.mx\/index.php\/wp-json\/wp\/v2\/posts\/50903","targetHints":{"allow":["GET"]}}],"collection":[{"href":"https:\/\/nvnoticias.mx\/index.php\/wp-json\/wp\/v2\/posts"}],"about":[{"href":"https:\/\/nvnoticias.mx\/index.php\/wp-json\/wp\/v2\/types\/post"}],"author":[{"embeddable":true,"href":"https:\/\/nvnoticias.mx\/index.php\/wp-json\/wp\/v2\/users\/35"}],"replies":[{"embeddable":true,"href":"https:\/\/nvnoticias.mx\/index.php\/wp-json\/wp\/v2\/comments?post=50903"}],"version-history":[{"count":1,"href":"https:\/\/nvnoticias.mx\/index.php\/wp-json\/wp\/v2\/posts\/50903\/revisions"}],"predecessor-version":[{"id":50904,"href":"https:\/\/nvnoticias.mx\/index.php\/wp-json\/wp\/v2\/posts\/50903\/revisions\/50904"}],"wp:featuredmedia":[{"embeddable":true,"href":"https:\/\/nvnoticias.mx\/index.php\/wp-json\/wp\/v2\/media\/35643"}],"wp:attachment":[{"href":"https:\/\/nvnoticias.mx\/index.php\/wp-json\/wp\/v2\/media?parent=50903"}],"wp:term":[{"taxonomy":"category","embeddable":true,"href":"https:\/\/nvnoticias.mx\/index.php\/wp-json\/wp\/v2\/categories?post=50903"},{"taxonomy":"post_tag","embeddable":true,"href":"https:\/\/nvnoticias.mx\/index.php\/wp-json\/wp\/v2\/tags?post=50903"}],"curies":[{"name":"wp","href":"https:\/\/api.w.org\/{rel}","templated":true}]}}