{"id":50876,"date":"2022-04-20T08:34:24","date_gmt":"2022-04-20T13:34:24","guid":{"rendered":"https:\/\/nvnoticias.mx\/?p=50876"},"modified":"2022-04-20T08:34:25","modified_gmt":"2022-04-20T13:34:25","slug":"muere-javier-lozano-barragan-arzobispo-emerito-de-zacatecas","status":"publish","type":"post","link":"https:\/\/nvnoticias.mx\/index.php\/2022\/04\/20\/muere-javier-lozano-barragan-arzobispo-emerito-de-zacatecas\/","title":{"rendered":"Muere Javier Lozano Barrag\u00e1n arzobispo em\u00e9rito de Zacatecas"},"content":{"rendered":"\n<p>El cardenal mexicano Javier Lozano Barrag\u00e1n quien fue presidente del Pontificio Consejo para los operadores sanitarios desde 1996 a 1997, un cargo similar al de un &#8220;ministro de Sanidad&#8221; del Vaticano, falleci\u00f3 hoy en Roma a los 89 a\u00f1os.<\/p>\n\n\n\n<p>El cardenal, arzobispo de Zacatecas desde 1985 hasta 1997, fue amigo de Francisco, que le visit\u00f3 varias veces cuando estuvo enfermo y una figura clave en el pontificado de Juan Pablo II , conocido por sus posturas f\u00e9rreas en cuestiones como la eutanasia y algunas declaraciones que dieron mucho que hablar.<\/p>\n\n\n\n<p>Fuente: <a href=\"https:\/\/www.eluniversal.com.mx\/nacion\/fallece-javier-lozano-barragan-arzobispo-emerito-de-zacatecas\" data-type=\"URL\" data-id=\"https:\/\/www.eluniversal.com.mx\/nacion\/fallece-javier-lozano-barragan-arzobispo-emerito-de-zacatecas\">El Universal<\/a><\/p>\n","protected":false},"excerpt":{"rendered":"<p>El cardenal mexicano Javier Lozano Barrag\u00e1n quien fue presidente del Pontificio Consejo para los operadores sanitarios desde 1996 a 1997, un cargo similar al de un &#8220;ministro de Sanidad&#8221; del Vaticano, falleci\u00f3 hoy en Roma a los 89 a\u00f1os. El cardenal, arzobispo de Zacatecas desde 1985 hasta 1997, fue amigo de Francisco, que le visit\u00f3 [&hellip;]<\/p>\n","protected":false},"author":35,"featured_media":50877,"comment_status":"open","ping_status":"open","sticky":false,"template":"","format":"standard","meta":{"_monsterinsights_skip_tracking":false,"_monsterinsights_sitenote_active":false,"_monsterinsights_sitenote_note":"","_monsterinsights_sitenote_category":0,"footnotes":""},"categories":[157],"tags":[5437,13721,13720,2823,6128],"class_list":["post-50876","post","type-post","status-publish","format-standard","has-post-thumbnail","hentry","category-nacional","tag-arzobispo","tag-emerito","tag-javier-lozano-barragan","tag-muere","tag-zacatecas","wp-image-borders"],"amp_enabled":true,"_links":{"self":[{"href":"https:\/\/nvnoticias.mx\/index.php\/wp-json\/wp\/v2\/posts\/50876","targetHints":{"allow":["GET"]}}],"collection":[{"href":"https:\/\/nvnoticias.mx\/index.php\/wp-json\/wp\/v2\/posts"}],"about":[{"href":"https:\/\/nvnoticias.mx\/index.php\/wp-json\/wp\/v2\/types\/post"}],"author":[{"embeddable":true,"href":"https:\/\/nvnoticias.mx\/index.php\/wp-json\/wp\/v2\/users\/35"}],"replies":[{"embeddable":true,"href":"https:\/\/nvnoticias.mx\/index.php\/wp-json\/wp\/v2\/comments?post=50876"}],"version-history":[{"count":1,"href":"https:\/\/nvnoticias.mx\/index.php\/wp-json\/wp\/v2\/posts\/50876\/revisions"}],"predecessor-version":[{"id":50878,"href":"https:\/\/nvnoticias.mx\/index.php\/wp-json\/wp\/v2\/posts\/50876\/revisions\/50878"}],"wp:featuredmedia":[{"embeddable":true,"href":"https:\/\/nvnoticias.mx\/index.php\/wp-json\/wp\/v2\/media\/50877"}],"wp:attachment":[{"href":"https:\/\/nvnoticias.mx\/index.php\/wp-json\/wp\/v2\/media?parent=50876"}],"wp:term":[{"taxonomy":"category","embeddable":true,"href":"https:\/\/nvnoticias.mx\/index.php\/wp-json\/wp\/v2\/categories?post=50876"},{"taxonomy":"post_tag","embeddable":true,"href":"https:\/\/nvnoticias.mx\/index.php\/wp-json\/wp\/v2\/tags?post=50876"}],"curies":[{"name":"wp","href":"https:\/\/api.w.org\/{rel}","templated":true}]}}