{"id":50803,"date":"2022-04-19T20:09:42","date_gmt":"2022-04-20T01:09:42","guid":{"rendered":"https:\/\/nvnoticias.mx\/?p=50803"},"modified":"2022-04-19T20:09:43","modified_gmt":"2022-04-20T01:09:43","slug":"sancionaran-a-quien-genere-contaminacion-auditiva-por-uso-de-pirotecnia","status":"publish","type":"post","link":"https:\/\/nvnoticias.mx\/index.php\/2022\/04\/19\/sancionaran-a-quien-genere-contaminacion-auditiva-por-uso-de-pirotecnia\/","title":{"rendered":"Sancionar\u00e1n a quien genere contaminaci\u00f3n auditiva por uso de pirotecnia"},"content":{"rendered":"\n<p>Xalapa, Ver.- Dependencias municipales aplicar\u00e1n sanciones a quien cause molestias auditivas por la emisi\u00f3n de ruidos y en espec\u00edfico por la detonaci\u00f3n de pirotecnia, esto, de acuerdo con lo aprobado por integrantes del Cabildo en Sesi\u00f3n Extraordinaria celebrada este martes.<\/p>\n\n\n\n<p>El Punto de Acuerdo autorizado por unanimidad y presentado por el regidor Daniel Fern\u00e1ndez Carri\u00f3n establece que el Cabildo exhortar\u00e1 a las \u00e1reas municipales competentes para que apliquen las sanciones previstas en los ordenamientos legales y reglamentos aplicables.<\/p>\n\n\n\n<p>El Edil destac\u00f3 que con ello, la Administraci\u00f3n cumple con el compromiso social de generar pol\u00edticas p\u00fablicas que favorezcan la convivencia arm\u00f3nica, adem\u00e1s de que se protege a la biodiversidad, ecosistemas, animales y poblaci\u00f3n en general de los da\u00f1os a la salud que genera la pirotecnia, en especial a reci\u00e9n nacidos, personas con autismo y de la tercera edad, al generar emisiones que oscilan entre los 130 y 190 decibeles de ruido, cuando lo permisible para el o\u00eddo humano es de 70 a 85 decibeles, seg\u00fan la Organizaci\u00f3n Mundial de la Salud (OMS).<\/p>\n\n\n\n<figure class=\"wp-block-image size-large\"><img loading=\"lazy\" decoding=\"async\" width=\"1024\" height=\"684\" src=\"https:\/\/nvnoticias.mx\/wp-content\/uploads\/2022\/04\/WhatsApp-Image-2022-04-19-at-7.24.28-PM-1-1024x684.jpeg\" alt=\"\" class=\"wp-image-50805\" srcset=\"https:\/\/nvnoticias.mx\/wp-content\/uploads\/2022\/04\/WhatsApp-Image-2022-04-19-at-7.24.28-PM-1-1024x684.jpeg 1024w, https:\/\/nvnoticias.mx\/wp-content\/uploads\/2022\/04\/WhatsApp-Image-2022-04-19-at-7.24.28-PM-1-300x200.jpeg 300w, https:\/\/nvnoticias.mx\/wp-content\/uploads\/2022\/04\/WhatsApp-Image-2022-04-19-at-7.24.28-PM-1-768x513.jpeg 768w, https:\/\/nvnoticias.mx\/wp-content\/uploads\/2022\/04\/WhatsApp-Image-2022-04-19-at-7.24.28-PM-1-1536x1025.jpeg 1536w, https:\/\/nvnoticias.mx\/wp-content\/uploads\/2022\/04\/WhatsApp-Image-2022-04-19-at-7.24.28-PM-1.jpeg 1600w\" sizes=\"auto, (max-width: 1024px) 100vw, 1024px\" \/><\/figure>\n\n\n\n<p>El Ayuntamiento, agreg\u00f3 Daniel Fern\u00e1ndez, no puede ser permisible ante esta situaci\u00f3n que atenta contra el derecho a la salud, la tranquilidad, genera contaminaci\u00f3n auditiva e incluso accidentes por quemaduras, por lo que de acuerdo con el Reglamento de Protecci\u00f3n Civil y Reducci\u00f3n de Riesgo de Desastres para el Municipio de Xalapa, el Bando de Polic\u00eda y Gobierno y el Reglamento de Conservaci\u00f3n Ecol\u00f3gica y Protecci\u00f3n del Medio Ambiente para el Desarrollo Sustentable del Municipio de Xalapa, se aplicar\u00e1n sanciones que van de los 5 a las mil UMAS a quien haga uso de pirotecnia sin la autorizaci\u00f3n correspondiente.<\/p>\n\n\n\n<p>Al respecto, el presidente municipal Ricardo Ahued Bardahuil y el regidor Mart\u00edn Victoriano Espinoza Rold\u00e1n respaldaron la iniciativa, ya que adem\u00e1s la pirotecnia genera riesgos a la vida y patrimonio de las personas, por lo que este tema debe atenderse con prevenci\u00f3n, educaci\u00f3n y la aplicaci\u00f3n estricta de las normas vigentes.<\/p>\n\n\n\n<figure class=\"wp-block-image size-large\"><img loading=\"lazy\" decoding=\"async\" width=\"1024\" height=\"684\" src=\"https:\/\/nvnoticias.mx\/wp-content\/uploads\/2022\/04\/WhatsApp-Image-2022-04-19-at-7.24.28-PM-1024x684.jpeg\" alt=\"\" class=\"wp-image-50804\" srcset=\"https:\/\/nvnoticias.mx\/wp-content\/uploads\/2022\/04\/WhatsApp-Image-2022-04-19-at-7.24.28-PM-1024x684.jpeg 1024w, https:\/\/nvnoticias.mx\/wp-content\/uploads\/2022\/04\/WhatsApp-Image-2022-04-19-at-7.24.28-PM-300x200.jpeg 300w, https:\/\/nvnoticias.mx\/wp-content\/uploads\/2022\/04\/WhatsApp-Image-2022-04-19-at-7.24.28-PM-768x513.jpeg 768w, https:\/\/nvnoticias.mx\/wp-content\/uploads\/2022\/04\/WhatsApp-Image-2022-04-19-at-7.24.28-PM-1536x1025.jpeg 1536w, https:\/\/nvnoticias.mx\/wp-content\/uploads\/2022\/04\/WhatsApp-Image-2022-04-19-at-7.24.28-PM.jpeg 1600w\" sizes=\"auto, (max-width: 1024px) 100vw, 1024px\" \/><\/figure>\n\n\n\n<p>En este sentido Alcalde ofreci\u00f3 el respaldo del Ayuntamiento para dar seguimiento y verificar el cumplimiento del Acuerdo que privilegia la salud p\u00fablica.<\/p>\n\n\n\n<p>Por otra parte, se emiti\u00f3 la declaratoria de validez de la elecci\u00f3n de Agentes Municipales 2022-2026 para las congregaciones de Tronconal, Chiltoyac y Julio Castro \u201cLas Trancas\u201d, seg\u00fan lo cual a partir del 1 mayo asumir\u00e1n este cargo en Tronconal, Jos\u00e9 Carlos Ortega Cervantes; en Chiltoyac, Jorge Pedraza Hern\u00e1ndez; y en \u201cLas Trancas\u201d, Mar\u00eda Tiburcia Paulino Arenas.<\/p>\n\n\n\n<p>Previamente, el presidente de la Junta Municipal Electoral, Juan Mar\u00edn Viveros, present\u00f3 el informe de la elecci\u00f3n de Agentes Municipales para el periodo 2022-2026.<\/p>\n\n\n\n<p>Adem\u00e1s, a propuesta del regidor Mart\u00edn Victoriano Espinoza Rold\u00e1n se autoriz\u00f3 la integraci\u00f3n e instalaci\u00f3n, en fecha posterior, del Consejo Municipal contra las Adicciones.<\/p>\n\n\n\n<p>Finalmente, se aprobaron las actas de las sesiones Ordinaria del 11 de abril y Extraordinaria del d\u00eda 13 del mismo mes.<\/p>\n","protected":false},"excerpt":{"rendered":"<p>Xalapa, Ver.- Dependencias municipales aplicar\u00e1n sanciones a quien cause molestias auditivas por la emisi\u00f3n de ruidos y en espec\u00edfico por la detonaci\u00f3n de pirotecnia, esto, de acuerdo con lo aprobado por integrantes del Cabildo en Sesi\u00f3n Extraordinaria celebrada este martes. El Punto de Acuerdo autorizado por unanimidad y presentado por el regidor Daniel Fern\u00e1ndez Carri\u00f3n [&hellip;]<\/p>\n","protected":false},"author":8,"featured_media":50804,"comment_status":"open","ping_status":"open","sticky":false,"template":"","format":"standard","meta":{"_monsterinsights_skip_tracking":false,"_monsterinsights_sitenote_active":false,"_monsterinsights_sitenote_note":"","_monsterinsights_sitenote_category":0,"footnotes":""},"categories":[156],"tags":[13690,7740,3030],"class_list":["post-50803","post","type-post","status-publish","format-standard","has-post-thumbnail","hentry","category-estado","tag-contaminacion-auditiva","tag-pirotecnia","tag-sancion","wp-image-borders"],"amp_enabled":true,"_links":{"self":[{"href":"https:\/\/nvnoticias.mx\/index.php\/wp-json\/wp\/v2\/posts\/50803","targetHints":{"allow":["GET"]}}],"collection":[{"href":"https:\/\/nvnoticias.mx\/index.php\/wp-json\/wp\/v2\/posts"}],"about":[{"href":"https:\/\/nvnoticias.mx\/index.php\/wp-json\/wp\/v2\/types\/post"}],"author":[{"embeddable":true,"href":"https:\/\/nvnoticias.mx\/index.php\/wp-json\/wp\/v2\/users\/8"}],"replies":[{"embeddable":true,"href":"https:\/\/nvnoticias.mx\/index.php\/wp-json\/wp\/v2\/comments?post=50803"}],"version-history":[{"count":1,"href":"https:\/\/nvnoticias.mx\/index.php\/wp-json\/wp\/v2\/posts\/50803\/revisions"}],"predecessor-version":[{"id":50807,"href":"https:\/\/nvnoticias.mx\/index.php\/wp-json\/wp\/v2\/posts\/50803\/revisions\/50807"}],"wp:featuredmedia":[{"embeddable":true,"href":"https:\/\/nvnoticias.mx\/index.php\/wp-json\/wp\/v2\/media\/50804"}],"wp:attachment":[{"href":"https:\/\/nvnoticias.mx\/index.php\/wp-json\/wp\/v2\/media?parent=50803"}],"wp:term":[{"taxonomy":"category","embeddable":true,"href":"https:\/\/nvnoticias.mx\/index.php\/wp-json\/wp\/v2\/categories?post=50803"},{"taxonomy":"post_tag","embeddable":true,"href":"https:\/\/nvnoticias.mx\/index.php\/wp-json\/wp\/v2\/tags?post=50803"}],"curies":[{"name":"wp","href":"https:\/\/api.w.org\/{rel}","templated":true}]}}