{"id":5078,"date":"2021-02-18T16:26:23","date_gmt":"2021-02-18T22:26:23","guid":{"rendered":"https:\/\/nvnoticias.mx\/?p=5078"},"modified":"2021-02-18T16:26:24","modified_gmt":"2021-02-18T22:26:24","slug":"buscan-panistas-anular-eleccion-interna-en-veracruz-puerto","status":"publish","type":"post","link":"https:\/\/nvnoticias.mx\/index.php\/2021\/02\/18\/buscan-panistas-anular-eleccion-interna-en-veracruz-puerto\/","title":{"rendered":"Buscan panistas anular elecci\u00f3n interna en Veracruz Puerto"},"content":{"rendered":"\n<p><strong>Jes\u00fas Utrilla \/ NV Noticias<\/strong><\/p>\n\n\n\n<p>Panistas consideraron que debe repetirse la elecci\u00f3n interna del Partido Acci\u00f3n Nacional, pues no solo hubo irregularidades sino tambi\u00e9n agresiones.<\/p>\n\n\n\n<p>Agust\u00edn Andrade Murga, aspirante a la candidatura del distrito 15 de Veracruz, acus\u00f3 al presidente del PAN a nivel nacional, Marko Cort\u00e9s, de involucrarse en las elecciones internas y favorecer a Miguel Angel Yunes M\u00e1rquez, aspirante a la candidatura por la alcald\u00eda de Veracruz.<\/p>\n\n\n\n<p>Inform\u00f3 que present\u00f3 un recurso de inconformidad ante la Comisi\u00f3n Nacional Electoral a nivel nacional y estatal.<\/p>\n\n\n\n<blockquote class=\"wp-block-quote is-layout-flow wp-block-quote-is-layout-flow\"><p>\u201cNo podemos permitir estos actos sean una norma dentro del pan que tenemos, tenemos que combatirlo y tenemos que ir hasta las \u00faltimas consecuencias para que el partido retome el rumbo democr\u00e1tico respete y se respete mucho las libertades de los militantes, cosa que no sucedi\u00f3 en la pasada elecci\u00f3n\u201d.<\/p><\/blockquote>\n\n\n\n<p>Conf\u00edo que la siguiente semana queden resueltas las impugnaciones interpuestas por lo ocurrido en la elecci\u00f3n del PAN en el municipio de Veracruz.<\/p>\n\n\n\n<p>En en caso de no ser favorecidos se ir\u00e1n a los tribunales para buscar anular la elecci\u00f3n.<\/p>\n\n\n\n<p>Acus\u00f3 que a los nuevos militantes no se les permiti\u00f3 votar incluso \u00e9l supuestamente llevaba el respaldo de cerca de 200 personas que no pudieron emitir el sufragio.<\/p>\n\n\n\n<blockquote class=\"wp-block-quote is-layout-flow wp-block-quote-is-layout-flow\"><p>\u201cNo permitieron que los nuevos militantes votara\u00a0 por diputados \u00fanicamente. \u00danicamente la mitad de los militantes votaron para alcalde, la votaci\u00f3n qued\u00f3 a favor de ellos, en mi caso es una diferencia de 100 votos, que es lo que estamos reclamando porque no permitieron que si no permitieron votar a 200 personas que me apoyaban y existen dudas en algunas casillas\u201d.<\/p><\/blockquote>\n\n\n\n<p>Afirm\u00f3 que Miguel Angel Yunes M\u00e1rquez, no tiene residencia en el Puerto de Veracruz, sin embargo, se registr\u00f3 en busca de la alcald\u00eda de la ciudad.<\/p>\n","protected":false},"excerpt":{"rendered":"<p>Jes\u00fas Utrilla \/ NV Noticias Panistas consideraron que debe repetirse la elecci\u00f3n interna del Partido Acci\u00f3n Nacional, pues no solo hubo irregularidades sino tambi\u00e9n agresiones. Agust\u00edn Andrade Murga, aspirante a la candidatura del distrito 15 de Veracruz, acus\u00f3 al presidente del PAN a nivel nacional, Marko Cort\u00e9s, de involucrarse en las elecciones internas y favorecer [&hellip;]<\/p>\n","protected":false},"author":6,"featured_media":5079,"comment_status":"open","ping_status":"open","sticky":false,"template":"","format":"standard","meta":{"_monsterinsights_skip_tracking":false,"_monsterinsights_sitenote_active":false,"_monsterinsights_sitenote_note":"","_monsterinsights_sitenote_category":0,"footnotes":""},"categories":[158],"tags":[321,284,180],"class_list":["post-5078","post","type-post","status-publish","format-standard","has-post-thumbnail","hentry","category-politica","tag-elecciones2021","tag-pan","tag-veracruz","wp-image-borders"],"amp_enabled":true,"_links":{"self":[{"href":"https:\/\/nvnoticias.mx\/index.php\/wp-json\/wp\/v2\/posts\/5078","targetHints":{"allow":["GET"]}}],"collection":[{"href":"https:\/\/nvnoticias.mx\/index.php\/wp-json\/wp\/v2\/posts"}],"about":[{"href":"https:\/\/nvnoticias.mx\/index.php\/wp-json\/wp\/v2\/types\/post"}],"author":[{"embeddable":true,"href":"https:\/\/nvnoticias.mx\/index.php\/wp-json\/wp\/v2\/users\/6"}],"replies":[{"embeddable":true,"href":"https:\/\/nvnoticias.mx\/index.php\/wp-json\/wp\/v2\/comments?post=5078"}],"version-history":[{"count":1,"href":"https:\/\/nvnoticias.mx\/index.php\/wp-json\/wp\/v2\/posts\/5078\/revisions"}],"predecessor-version":[{"id":5080,"href":"https:\/\/nvnoticias.mx\/index.php\/wp-json\/wp\/v2\/posts\/5078\/revisions\/5080"}],"wp:featuredmedia":[{"embeddable":true,"href":"https:\/\/nvnoticias.mx\/index.php\/wp-json\/wp\/v2\/media\/5079"}],"wp:attachment":[{"href":"https:\/\/nvnoticias.mx\/index.php\/wp-json\/wp\/v2\/media?parent=5078"}],"wp:term":[{"taxonomy":"category","embeddable":true,"href":"https:\/\/nvnoticias.mx\/index.php\/wp-json\/wp\/v2\/categories?post=5078"},{"taxonomy":"post_tag","embeddable":true,"href":"https:\/\/nvnoticias.mx\/index.php\/wp-json\/wp\/v2\/tags?post=5078"}],"curies":[{"name":"wp","href":"https:\/\/api.w.org\/{rel}","templated":true}]}}