{"id":50758,"date":"2022-04-19T15:26:08","date_gmt":"2022-04-19T20:26:08","guid":{"rendered":"https:\/\/nvnoticias.mx\/?p=50758"},"modified":"2022-04-19T15:26:09","modified_gmt":"2022-04-19T20:26:09","slug":"comparecera-emilio-lozoya-hoy-en-reclusorio-sur-por-defraudacion-fiscal","status":"publish","type":"post","link":"https:\/\/nvnoticias.mx\/index.php\/2022\/04\/19\/comparecera-emilio-lozoya-hoy-en-reclusorio-sur-por-defraudacion-fiscal\/","title":{"rendered":"Comparecer\u00e1 Emilio Lozoya hoy en reclusorio Sur por defraudaci\u00f3n fiscal"},"content":{"rendered":"\n<p>El ex director general de Petr\u00f3leos Mexicanos (Pemex), Emilio Lozoya Austin, enfrentar\u00e1 una audiencia inicial hoy en el Reclusorio Preventivo Varonil Sur, en la que la Fiscal\u00eda General de la Rep\u00fablica (FGR) buscar\u00e1 imputarle ahora el delito de defraudaci\u00f3n fiscal. <\/p>\n\n\n\n<p>De acuerdo con autoridades judiciales, el ex funcionario comparecer\u00e1 a las 16:00 horas desde el Reclusorio Norte, donde se encuentra preso, mediante una videoconferencia. <\/p>\n\n\n\n<p>La diligencia se realizar\u00e1 a solicitud del Ministerio P\u00fablico Federal, despu\u00e9s de que determin\u00f3 que hay elementos suficientes para acusar a Lozoya Austin de dicho il\u00edcito, tras una denuncia presentada por el gobierno de M\u00e9xico.<\/p>\n\n\n\n<p> En caso de que el juez de control, Felipe de Jes\u00fas Delgadillo Padierna, decida vincular a proceso a Emilio Lozoya \u2014uno de los funcionarios m\u00e1s cercanos al ex presidente Enrique Pe\u00f1a Nieto\u2014 por este il\u00edcito, estar\u00eda enfrentando tres procesos penales distintos. <\/p>\n\n\n\n<p>El primero por el caso Agronitrogenados, en el que est\u00e1 acusado de los delitos de lavado de dinero, y el segundo por el caso Odebrecht, en el que fue vinculado a proceso por lavado de dinero y asociaci\u00f3n delictuosa.<\/p>\n\n\n\n<p> Este \u00faltimo es el que mantiene al ex director de Pemex en prisi\u00f3n preventiva justificada. <\/p>\n\n\n\n<p>Fuente: <a href=\"https:\/\/www.milenio.com\/policia\/emilio-lozoya-comparecera-de-nuevo-ahora-por-defraudacion-fiscal\" data-type=\"URL\" data-id=\"https:\/\/www.milenio.com\/policia\/emilio-lozoya-comparecera-de-nuevo-ahora-por-defraudacion-fiscal\">Milenio<\/a> <\/p>\n","protected":false},"excerpt":{"rendered":"<p>El ex director general de Petr\u00f3leos Mexicanos (Pemex), Emilio Lozoya Austin, enfrentar\u00e1 una audiencia inicial hoy en el Reclusorio Preventivo Varonil Sur, en la que la Fiscal\u00eda General de la Rep\u00fablica (FGR) buscar\u00e1 imputarle ahora el delito de defraudaci\u00f3n fiscal. De acuerdo con autoridades judiciales, el ex funcionario comparecer\u00e1 a las 16:00 horas desde el [&hellip;]<\/p>\n","protected":false},"author":35,"featured_media":29684,"comment_status":"open","ping_status":"open","sticky":false,"template":"","format":"standard","meta":{"_monsterinsights_skip_tracking":false,"_monsterinsights_sitenote_active":false,"_monsterinsights_sitenote_note":"","_monsterinsights_sitenote_category":0,"footnotes":""},"categories":[157],"tags":[13671,5106,162,13673],"class_list":["post-50758","post","type-post","status-publish","format-standard","has-post-thumbnail","hentry","category-nacional","tag-comparecera","tag-emilio-lozoya","tag-portada","tag-reclusorio-sur-defraudacion","wp-image-borders"],"amp_enabled":true,"_links":{"self":[{"href":"https:\/\/nvnoticias.mx\/index.php\/wp-json\/wp\/v2\/posts\/50758","targetHints":{"allow":["GET"]}}],"collection":[{"href":"https:\/\/nvnoticias.mx\/index.php\/wp-json\/wp\/v2\/posts"}],"about":[{"href":"https:\/\/nvnoticias.mx\/index.php\/wp-json\/wp\/v2\/types\/post"}],"author":[{"embeddable":true,"href":"https:\/\/nvnoticias.mx\/index.php\/wp-json\/wp\/v2\/users\/35"}],"replies":[{"embeddable":true,"href":"https:\/\/nvnoticias.mx\/index.php\/wp-json\/wp\/v2\/comments?post=50758"}],"version-history":[{"count":2,"href":"https:\/\/nvnoticias.mx\/index.php\/wp-json\/wp\/v2\/posts\/50758\/revisions"}],"predecessor-version":[{"id":50760,"href":"https:\/\/nvnoticias.mx\/index.php\/wp-json\/wp\/v2\/posts\/50758\/revisions\/50760"}],"wp:featuredmedia":[{"embeddable":true,"href":"https:\/\/nvnoticias.mx\/index.php\/wp-json\/wp\/v2\/media\/29684"}],"wp:attachment":[{"href":"https:\/\/nvnoticias.mx\/index.php\/wp-json\/wp\/v2\/media?parent=50758"}],"wp:term":[{"taxonomy":"category","embeddable":true,"href":"https:\/\/nvnoticias.mx\/index.php\/wp-json\/wp\/v2\/categories?post=50758"},{"taxonomy":"post_tag","embeddable":true,"href":"https:\/\/nvnoticias.mx\/index.php\/wp-json\/wp\/v2\/tags?post=50758"}],"curies":[{"name":"wp","href":"https:\/\/api.w.org\/{rel}","templated":true}]}}