{"id":50708,"date":"2022-04-19T13:54:06","date_gmt":"2022-04-19T18:54:06","guid":{"rendered":"https:\/\/nvnoticias.mx\/?p=50708"},"modified":"2022-04-19T13:55:52","modified_gmt":"2022-04-19T18:55:52","slug":"se-manifiestan-para-pedir-el-dragado-de-la-laguna-de-san-julian","status":"publish","type":"post","link":"https:\/\/nvnoticias.mx\/index.php\/2022\/04\/19\/se-manifiestan-para-pedir-el-dragado-de-la-laguna-de-san-julian\/","title":{"rendered":"Se manifiestan para pedir el dragado de la laguna de San Juli\u00e1n"},"content":{"rendered":"\n<p><strong>Jes\u00fas Utrilla \/ NV Noticias<\/strong><\/p>\n\n\n\n<p>Habitantes de San Juli\u00e1n realizaron un plant\u00f3n en las inmediaciones de la laguna del mismo nombre para pedir que draguen el cuerpo de agua. <\/p>\n\n\n\n<p>Guadalupe Jim\u00e9nez Reyes, habitante del lugar, dijo que las acciones se efectuaban anteriormente, sin embargo, tiene varios a\u00f1os que la laguna no es limpiada, generando problemas de contaminaci\u00f3n, mortandad de especies, la p\u00e9rdida de al menos 20 metros, entre otros. <\/p>\n\n\n\n<blockquote class=\"wp-block-quote is-layout-flow wp-block-quote-is-layout-flow\"><p>\u201c<em>Estamos pidiendo el apoyo del gobierno. Yo me acuerdo que antes la dragaban y por eso la laguna se manten\u00eda pero de unos a\u00f1os para ac\u00e1 se olvidaron de nosotros<\/em>\u201d.\u00a0Efra\u00edn Torres dijo que de la laguna dependen mil 500 familias, quienes pescan y venden el producto.<\/p><\/blockquote>\n\n\n\n<p>Anteriormente produc\u00edan mojarra, tortuga, pescado, camarones y s\u00e1balo. <\/p>\n\n\n\n<blockquote class=\"wp-block-quote is-layout-flow wp-block-quote-is-layout-flow\"><p>\u201c<em>Que el gobernador vea el impacto, que no digan que la limpieza los habitantes lo hacen, porque s\u00ed lo hacemos pero no es suficiente. Lo que necesitamos es el dragado, que nos ayuden. Que nos ayuden las instancias<\/em>\u201d.\u00a0<\/p><\/blockquote>\n\n\n\n<p>Los habitantes de San Juli\u00e1n realizaron un plant\u00f3n a orillas de la laguna donde mostraron pancartas y exigieron que draguen el cuerpo de agua. <\/p>\n\n\n\n<p>Se dijeron preocupados de que la laguna pueda desaparecer por lo que exigieron que se tomen acciones al respecto.<\/p>\n","protected":false},"excerpt":{"rendered":"<p>Jes\u00fas Utrilla \/ NV Noticias Habitantes de San Juli\u00e1n realizaron un plant\u00f3n en las inmediaciones de la laguna del mismo nombre para pedir que draguen el cuerpo de agua. Guadalupe Jim\u00e9nez Reyes, habitante del lugar, dijo que las acciones se efectuaban anteriormente, sin embargo, tiene varios a\u00f1os que la laguna no es limpiada, generando problemas [&hellip;]<\/p>\n","protected":false},"author":8,"featured_media":50709,"comment_status":"open","ping_status":"open","sticky":false,"template":"","format":"standard","meta":{"_monsterinsights_skip_tracking":false,"_monsterinsights_sitenote_active":false,"_monsterinsights_sitenote_note":"","_monsterinsights_sitenote_category":0,"footnotes":""},"categories":[154],"tags":[13660,8272,13658,13659],"class_list":["post-50708","post","type-post","status-publish","format-standard","has-post-thumbnail","hentry","category-veracruz","tag-dragado","tag-habitantes","tag-laguna-san-julian","tag-san-julian","wp-image-borders"],"amp_enabled":true,"_links":{"self":[{"href":"https:\/\/nvnoticias.mx\/index.php\/wp-json\/wp\/v2\/posts\/50708","targetHints":{"allow":["GET"]}}],"collection":[{"href":"https:\/\/nvnoticias.mx\/index.php\/wp-json\/wp\/v2\/posts"}],"about":[{"href":"https:\/\/nvnoticias.mx\/index.php\/wp-json\/wp\/v2\/types\/post"}],"author":[{"embeddable":true,"href":"https:\/\/nvnoticias.mx\/index.php\/wp-json\/wp\/v2\/users\/8"}],"replies":[{"embeddable":true,"href":"https:\/\/nvnoticias.mx\/index.php\/wp-json\/wp\/v2\/comments?post=50708"}],"version-history":[{"count":2,"href":"https:\/\/nvnoticias.mx\/index.php\/wp-json\/wp\/v2\/posts\/50708\/revisions"}],"predecessor-version":[{"id":50711,"href":"https:\/\/nvnoticias.mx\/index.php\/wp-json\/wp\/v2\/posts\/50708\/revisions\/50711"}],"wp:featuredmedia":[{"embeddable":true,"href":"https:\/\/nvnoticias.mx\/index.php\/wp-json\/wp\/v2\/media\/50709"}],"wp:attachment":[{"href":"https:\/\/nvnoticias.mx\/index.php\/wp-json\/wp\/v2\/media?parent=50708"}],"wp:term":[{"taxonomy":"category","embeddable":true,"href":"https:\/\/nvnoticias.mx\/index.php\/wp-json\/wp\/v2\/categories?post=50708"},{"taxonomy":"post_tag","embeddable":true,"href":"https:\/\/nvnoticias.mx\/index.php\/wp-json\/wp\/v2\/tags?post=50708"}],"curies":[{"name":"wp","href":"https:\/\/api.w.org\/{rel}","templated":true}]}}