{"id":50617,"date":"2022-04-19T11:12:45","date_gmt":"2022-04-19T16:12:45","guid":{"rendered":"https:\/\/nvnoticias.mx\/?p=50617"},"modified":"2022-04-19T11:12:47","modified_gmt":"2022-04-19T16:12:47","slug":"invita-ayuntamiento-a-primer-cabildo-en-sesion-abierta","status":"publish","type":"post","link":"https:\/\/nvnoticias.mx\/index.php\/2022\/04\/19\/invita-ayuntamiento-a-primer-cabildo-en-sesion-abierta\/","title":{"rendered":"Invita Ayuntamiento a primer Cabildo en Sesi\u00f3n Abierta"},"content":{"rendered":"\n<p>Xalapa, Ver.- Para discutir asuntos y problemas de competencia municipal e inter\u00e9s para la comunidad, el Ayuntamiento invita a la ciudadan\u00eda en general a participar en el primer Cabildo en Sesi\u00f3n Abierta, que se efectuar\u00e1 el pr\u00f3ximo 28 de abril a las 10:00 horas.<\/p>\n\n\n\n<p>Para inscribirse, la ciudadan\u00eda interesada deber\u00e1 entregar en la Secretar\u00eda del Ayuntamiento una solicitud por escrito y con fecha de elaboraci\u00f3n, dirigida a su titular, Ram\u00f3n Antonio Ramos Niembro, en la que se plasme la intenci\u00f3n de participar y se comparta alg\u00fan n\u00famero telef\u00f3nico de contacto y correo electr\u00f3nico.<\/p>\n\n\n\n<p>Dicha solicitud se acompa\u00f1ar\u00e1 de una copia de documentos comprobatorios de lugar de residencia y se deber\u00e1 signar una carta de autorizaci\u00f3n de derechos de registro en Actas de Cabildo, foto y video, la cual ser\u00e1 proporcionada en el momento del registro.<\/p>\n\n\n\n<p>Para mayor informaci\u00f3n, el Ayuntamiento pone a disposici\u00f3n de las y los interesados el siguiente enlace https:\/\/cloud.xalapa.gob.mx\/index.php\/s\/mqS9T3BtG7Jq3Qa.<\/p>\n\n\n","protected":false},"excerpt":{"rendered":"<p>Xalapa, Ver.- Para discutir asuntos y problemas de competencia municipal e inter\u00e9s para la comunidad, el Ayuntamiento invita a la ciudadan\u00eda en general a participar en el primer Cabildo en Sesi\u00f3n Abierta, que se efectuar\u00e1 el pr\u00f3ximo 28 de abril a las 10:00 horas. Para inscribirse, la ciudadan\u00eda interesada deber\u00e1 entregar en la Secretar\u00eda del [&hellip;]<\/p>\n","protected":false},"author":35,"featured_media":50618,"comment_status":"open","ping_status":"open","sticky":false,"template":"","format":"standard","meta":{"_monsterinsights_skip_tracking":false,"_monsterinsights_sitenote_active":false,"_monsterinsights_sitenote_note":"","_monsterinsights_sitenote_category":0,"footnotes":""},"categories":[156],"tags":[366,2190,13631,8006,13632],"class_list":["post-50617","post","type-post","status-publish","format-standard","has-post-thumbnail","hentry","category-estado","tag-ayuntamiento","tag-cabildo","tag-invita","tag-primer","tag-sesion-abierta","wp-image-borders"],"amp_enabled":true,"_links":{"self":[{"href":"https:\/\/nvnoticias.mx\/index.php\/wp-json\/wp\/v2\/posts\/50617","targetHints":{"allow":["GET"]}}],"collection":[{"href":"https:\/\/nvnoticias.mx\/index.php\/wp-json\/wp\/v2\/posts"}],"about":[{"href":"https:\/\/nvnoticias.mx\/index.php\/wp-json\/wp\/v2\/types\/post"}],"author":[{"embeddable":true,"href":"https:\/\/nvnoticias.mx\/index.php\/wp-json\/wp\/v2\/users\/35"}],"replies":[{"embeddable":true,"href":"https:\/\/nvnoticias.mx\/index.php\/wp-json\/wp\/v2\/comments?post=50617"}],"version-history":[{"count":1,"href":"https:\/\/nvnoticias.mx\/index.php\/wp-json\/wp\/v2\/posts\/50617\/revisions"}],"predecessor-version":[{"id":50619,"href":"https:\/\/nvnoticias.mx\/index.php\/wp-json\/wp\/v2\/posts\/50617\/revisions\/50619"}],"wp:featuredmedia":[{"embeddable":true,"href":"https:\/\/nvnoticias.mx\/index.php\/wp-json\/wp\/v2\/media\/50618"}],"wp:attachment":[{"href":"https:\/\/nvnoticias.mx\/index.php\/wp-json\/wp\/v2\/media?parent=50617"}],"wp:term":[{"taxonomy":"category","embeddable":true,"href":"https:\/\/nvnoticias.mx\/index.php\/wp-json\/wp\/v2\/categories?post=50617"},{"taxonomy":"post_tag","embeddable":true,"href":"https:\/\/nvnoticias.mx\/index.php\/wp-json\/wp\/v2\/tags?post=50617"}],"curies":[{"name":"wp","href":"https:\/\/api.w.org\/{rel}","templated":true}]}}