{"id":50576,"date":"2022-04-18T18:45:25","date_gmt":"2022-04-18T23:45:25","guid":{"rendered":"https:\/\/nvnoticias.mx\/?p=50576"},"modified":"2022-04-18T18:45:26","modified_gmt":"2022-04-18T23:45:26","slug":"guardia-nacional-asegura-a-personas-con-armas-de-fuego-en-nuevo-laredo","status":"publish","type":"post","link":"https:\/\/nvnoticias.mx\/index.php\/2022\/04\/18\/guardia-nacional-asegura-a-personas-con-armas-de-fuego-en-nuevo-laredo\/","title":{"rendered":"Guardia Nacional asegura a personas con armas de fuego en Nuevo Laredo"},"content":{"rendered":"\n<p>Elementos de la Guardia Nacional (GN) en coordinaci\u00f3n con la Agencia Nacional de Aduanas de M\u00e9xico, aseguraron a tres personas que pretend\u00edan ingresar al pa\u00eds con\u00a0armas\u00a0de fuego, cargadores y cartuchos \u00fatiles de manera ilegal, a trav\u00e9s del Puente Internacional II Ju\u00e1rez-Lincoln en\u00a0Nuevo Laredo, Tamaulipas.<\/p>\n\n\n\n<p>El primer decomiso ocurri\u00f3 cuando guardias nacionales interceptaron un veh\u00edculo con placas del estado de Texas, Estados Unidos, tripulado por dos personas quienes transportaban exceso de equipaje y mercanc\u00eda.<\/p>\n\n\n\n<p>Al efectuar la inspecci\u00f3n de la unidad, los integrantes de la\u00a0GN\u00a0localizaron en el portaequipaje una caja color caf\u00e9, que en su interior conten\u00eda seis\u00a0armas\u00a0cortas, nueve cargadores, 2,300 eslabones met\u00e1licos para cartuchos y 44 cartuchos \u00fatiles.<\/p>\n\n\n\n<figure class=\"wp-block-embed is-type-rich is-provider-twitter wp-block-embed-twitter\"><div class=\"wp-block-embed__wrapper\">\n<blockquote class=\"twitter-tweet\" data-width=\"550\" data-dnt=\"true\"><p lang=\"es\" dir=\"ltr\">La <a href=\"https:\/\/twitter.com\/hashtag\/GuardiaNacional?src=hash&amp;ref_src=twsrc%5Etfw\">#GuardiaNacional<\/a> en coordinaci\u00f3n con personal de la <a href=\"https:\/\/twitter.com\/hashtag\/ANAM?src=hash&amp;ref_src=twsrc%5Etfw\">#ANAM<\/a> aseguraron a tres personas que pretend\u00edan ingresar al pa\u00eds con armas de fuego, cargadores y cartuchos \u00fatiles de manera ilegal, a trav\u00e9s del Puente Internacional II Ju\u00e1rez-Lincoln. <a href=\"https:\/\/t.co\/O1mg8dqeIy\">https:\/\/t.co\/O1mg8dqeIy<\/a> <a href=\"https:\/\/t.co\/mKsezXmTcm\">pic.twitter.com\/mKsezXmTcm<\/a><\/p>&mdash; Guardia Nacional (@GN_MEXICO_) <a href=\"https:\/\/twitter.com\/GN_MEXICO_\/status\/1516186407785558020?ref_src=twsrc%5Etfw\">April 18, 2022<\/a><\/blockquote><script async src=\"https:\/\/platform.twitter.com\/widgets.js\" charset=\"utf-8\"><\/script>\n<\/div><\/figure>\n\n\n\n<p>M\u00e1s tarde, en otra acci\u00f3n realizada en el mismo puente fronterizo de\u00a0Nuevo Laredo, elementos de la\u00a0GN\u00a0y de la Agencia Nacional de Aduanas de M\u00e9xico, detuvieron a una persona de nacionalidad estadounidense, que pretend\u00eda ingresar a territorio nacional con un arma, un cargador y seis cartuchos \u00fatiles.<\/p>\n\n\n\n<p>Los uniformados descubrieron lo anterior al efectuar una revisi\u00f3n minuciosa de su veh\u00edculo en la que hallaron el arma de fuego y sus municiones.<\/p>\n\n\n\n<p>Las tres personas fueron puestas a disposici\u00f3n de la Fiscal\u00eda General de la Rep\u00fablica para continuar las investigaciones correspondientes.<\/p>\n\n\n\n<h4 class=\"wp-block-heading\">Autoridades refuerzan seguridad en Nuevo Laredo<\/h4>\n\n\n\n<p>El pasado 18 de marzo, la Secretar\u00eda de la Defensa Nacional anunci\u00f3 la llegada de\u00a0250 elementos de las Unidades de Fuerzas Especiales\u00a0al aeropuerto de\u00a0Nuevo Laredo, Tamaulipas, con el fin de garantizar la seguridad de la regi\u00f3n.<\/p>\n\n\n\n<p>Adem\u00e1s de lo anterior, la Sedena se\u00f1al\u00f3 que con los elementos pretenden detener a integrantes de la delincuencia organizada, esto para fortalecer el estado de derecho.<\/p>\n\n\n\n<p>Cabe se\u00f1alar que la medida sucede luego de que personal del Ej\u00e9rcito, Fiscal\u00eda General de la Rep\u00fablica y la GN detuvieron a uno de l\u00edderes del C\u00e1rtel del Noreste, el cual operaba en\u00a0Nuevo Laredo.<\/p>\n\n\n\n<p>Fuente: <a href=\"https:\/\/www.tvazteca.com\/aztecanoticias\/armas-gn-nuevo-laredo-jvgl\">Azteca Noticias<\/a><\/p>\n","protected":false},"excerpt":{"rendered":"<p>Elementos de la Guardia Nacional (GN) en coordinaci\u00f3n con la Agencia Nacional de Aduanas de M\u00e9xico, aseguraron a tres personas que pretend\u00edan ingresar al pa\u00eds con\u00a0armas\u00a0de fuego, cargadores y cartuchos \u00fatiles de manera ilegal, a trav\u00e9s del Puente Internacional II Ju\u00e1rez-Lincoln en\u00a0Nuevo Laredo, Tamaulipas. El primer decomiso ocurri\u00f3 cuando guardias nacionales interceptaron un veh\u00edculo con [&hellip;]<\/p>\n","protected":false},"author":8,"featured_media":50577,"comment_status":"open","ping_status":"open","sticky":false,"template":"","format":"standard","meta":{"_monsterinsights_skip_tracking":false,"_monsterinsights_sitenote_active":false,"_monsterinsights_sitenote_note":"","_monsterinsights_sitenote_category":0,"footnotes":""},"categories":[157],"tags":[2672,450,3816],"class_list":["post-50576","post","type-post","status-publish","format-standard","has-post-thumbnail","hentry","category-nacional","tag-armas","tag-guardia-nacional","tag-nuevo-laredo","wp-image-borders"],"amp_enabled":true,"_links":{"self":[{"href":"https:\/\/nvnoticias.mx\/index.php\/wp-json\/wp\/v2\/posts\/50576","targetHints":{"allow":["GET"]}}],"collection":[{"href":"https:\/\/nvnoticias.mx\/index.php\/wp-json\/wp\/v2\/posts"}],"about":[{"href":"https:\/\/nvnoticias.mx\/index.php\/wp-json\/wp\/v2\/types\/post"}],"author":[{"embeddable":true,"href":"https:\/\/nvnoticias.mx\/index.php\/wp-json\/wp\/v2\/users\/8"}],"replies":[{"embeddable":true,"href":"https:\/\/nvnoticias.mx\/index.php\/wp-json\/wp\/v2\/comments?post=50576"}],"version-history":[{"count":1,"href":"https:\/\/nvnoticias.mx\/index.php\/wp-json\/wp\/v2\/posts\/50576\/revisions"}],"predecessor-version":[{"id":50578,"href":"https:\/\/nvnoticias.mx\/index.php\/wp-json\/wp\/v2\/posts\/50576\/revisions\/50578"}],"wp:featuredmedia":[{"embeddable":true,"href":"https:\/\/nvnoticias.mx\/index.php\/wp-json\/wp\/v2\/media\/50577"}],"wp:attachment":[{"href":"https:\/\/nvnoticias.mx\/index.php\/wp-json\/wp\/v2\/media?parent=50576"}],"wp:term":[{"taxonomy":"category","embeddable":true,"href":"https:\/\/nvnoticias.mx\/index.php\/wp-json\/wp\/v2\/categories?post=50576"},{"taxonomy":"post_tag","embeddable":true,"href":"https:\/\/nvnoticias.mx\/index.php\/wp-json\/wp\/v2\/tags?post=50576"}],"curies":[{"name":"wp","href":"https:\/\/api.w.org\/{rel}","templated":true}]}}