{"id":50479,"date":"2022-04-18T13:16:49","date_gmt":"2022-04-18T18:16:49","guid":{"rendered":"https:\/\/nvnoticias.mx\/?p=50479"},"modified":"2022-04-18T13:16:50","modified_gmt":"2022-04-18T18:16:50","slug":"gobernador-llama-traidores-a-diputados-federales-que-no-aprobaron-reforma-electrica","status":"publish","type":"post","link":"https:\/\/nvnoticias.mx\/index.php\/2022\/04\/18\/gobernador-llama-traidores-a-diputados-federales-que-no-aprobaron-reforma-electrica\/","title":{"rendered":"Gobernador llama traidores a diputados federales que no aprobaron reforma el\u00e9ctrica"},"content":{"rendered":"\n<p><strong>Sam Ojeda \/ NV Noticias<\/strong><\/p>\n\n\n\n<p>Xalapa.- El gobernador Cuitl\u00e1huac Garc\u00eda Jim\u00e9nez dijo que los diputados federales que no&nbsp; aprobaron la reforma el\u00e9ctrica cometieron traici\u00f3n al pueblo, especialmente aquellos que son veracruzanos.<\/p>\n\n\n\n<p>Durante su mensaje en la Ceremonia Conmemorativa del 175 Aniversario de la Batalla de Cerro Gordo, dijo que a diferencia de esos h\u00e9roes, los diputados federales traicionaron al pueblo.<\/p>\n\n\n\n<blockquote class=\"wp-block-quote is-layout-flow wp-block-quote-is-layout-flow\"><p>\u201c<em>Entre esos (que votaron en contra) hay diputados federales de Veracruz que en lugar de seguir el ejemplo de quienes hicieron historia hace 175 a\u00f1os, hoy traicionan al pueblo de Veracruz con su voto en contra de la reforma el\u00e9ctrica<\/em>\u201d.<\/p><\/blockquote>\n\n\n\n<p>Y es que Morena no logr\u00f3 la mayor\u00eda calificada requerida para su aprobaci\u00f3n, por lo que el mandatario acus\u00f3 que los 223 diputados federales \u2014entre ellos veracruzanos\u2014 que votaron en contra de esta iniciativa del presidente Andr\u00e9s Manuel L\u00f3pez Obrador, traicionaron al pueblo.&nbsp;<\/p>\n\n\n\n<blockquote class=\"wp-block-quote is-layout-flow wp-block-quote-is-layout-flow\"><p>\u201c<em>Quer\u00edamos que estuviera en la Constituci\u00f3n pero hubo 223 diputados que no (quisieron) y es importante que todos sepamos qui\u00e9nes son esos que por un lado vienen a decir que defienden al pueblo pero en el Congreso lo traicionan<\/em>\u201d.<\/p><\/blockquote>\n\n\n\n<p>Garc\u00eda Jim\u00e9nez dijo que la votaci\u00f3n de la sesi\u00f3n de este domingo sirvi\u00f3 para \u201cdefinir posturas porque hay quien anda enga\u00f1ando diciendo que defienden al agente de las tarifas el\u00e9ctrica y cuando van al Congreso votan a favor de las grandes empresas de energ\u00eda el\u00e9ctrica \u201c.<\/p>\n\n\n\n<blockquote class=\"wp-block-quote is-layout-flow wp-block-quote-is-layout-flow\"><p>\u201c<em>Al ej\u00e9rcito de entonces se le pidi\u00f3 defender la patria y lo hicieron entregado la vida; ayer se le pidi\u00f3 a diputados federales que defendieran la patria, solo ten\u00edan que apretar un bot\u00f3n para defender la soberan\u00eda el\u00e9ctrica del pa\u00eds<\/em>\u201d.<\/p><\/blockquote>\n","protected":false},"excerpt":{"rendered":"<p>Sam Ojeda \/ NV Noticias Xalapa.- El gobernador Cuitl\u00e1huac Garc\u00eda Jim\u00e9nez dijo que los diputados federales que no&nbsp; aprobaron la reforma el\u00e9ctrica cometieron traici\u00f3n al pueblo, especialmente aquellos que son veracruzanos. Durante su mensaje en la Ceremonia Conmemorativa del 175 Aniversario de la Batalla de Cerro Gordo, dijo que a diferencia de esos h\u00e9roes, los [&hellip;]<\/p>\n","protected":false},"author":8,"featured_media":50480,"comment_status":"open","ping_status":"open","sticky":false,"template":"","format":"standard","meta":{"_monsterinsights_skip_tracking":false,"_monsterinsights_sitenote_active":false,"_monsterinsights_sitenote_note":"","_monsterinsights_sitenote_category":0,"footnotes":""},"categories":[156],"tags":[965,566,271,162,1553],"class_list":["post-50479","post","type-post","status-publish","format-standard","has-post-thumbnail","hentry","category-estado","tag-cuitlahuac-garcia-jimenez","tag-diputados","tag-gobernador","tag-portada","tag-reforma-electrica","wp-image-borders"],"amp_enabled":true,"_links":{"self":[{"href":"https:\/\/nvnoticias.mx\/index.php\/wp-json\/wp\/v2\/posts\/50479","targetHints":{"allow":["GET"]}}],"collection":[{"href":"https:\/\/nvnoticias.mx\/index.php\/wp-json\/wp\/v2\/posts"}],"about":[{"href":"https:\/\/nvnoticias.mx\/index.php\/wp-json\/wp\/v2\/types\/post"}],"author":[{"embeddable":true,"href":"https:\/\/nvnoticias.mx\/index.php\/wp-json\/wp\/v2\/users\/8"}],"replies":[{"embeddable":true,"href":"https:\/\/nvnoticias.mx\/index.php\/wp-json\/wp\/v2\/comments?post=50479"}],"version-history":[{"count":1,"href":"https:\/\/nvnoticias.mx\/index.php\/wp-json\/wp\/v2\/posts\/50479\/revisions"}],"predecessor-version":[{"id":50481,"href":"https:\/\/nvnoticias.mx\/index.php\/wp-json\/wp\/v2\/posts\/50479\/revisions\/50481"}],"wp:featuredmedia":[{"embeddable":true,"href":"https:\/\/nvnoticias.mx\/index.php\/wp-json\/wp\/v2\/media\/50480"}],"wp:attachment":[{"href":"https:\/\/nvnoticias.mx\/index.php\/wp-json\/wp\/v2\/media?parent=50479"}],"wp:term":[{"taxonomy":"category","embeddable":true,"href":"https:\/\/nvnoticias.mx\/index.php\/wp-json\/wp\/v2\/categories?post=50479"},{"taxonomy":"post_tag","embeddable":true,"href":"https:\/\/nvnoticias.mx\/index.php\/wp-json\/wp\/v2\/tags?post=50479"}],"curies":[{"name":"wp","href":"https:\/\/api.w.org\/{rel}","templated":true}]}}