{"id":50439,"date":"2022-04-18T12:17:39","date_gmt":"2022-04-18T17:17:39","guid":{"rendered":"https:\/\/nvnoticias.mx\/?p=50439"},"modified":"2022-04-18T12:17:40","modified_gmt":"2022-04-18T17:17:40","slug":"la-semana-santa-genero-buenos-resultados-en-el-municipio-de-veracruz","status":"publish","type":"post","link":"https:\/\/nvnoticias.mx\/index.php\/2022\/04\/18\/la-semana-santa-genero-buenos-resultados-en-el-municipio-de-veracruz\/","title":{"rendered":"La Semana Santa gener\u00f3 buenos resultados en el municipio de Veracruz"},"content":{"rendered":"\n<p><strong>Jes\u00fas Utrilla \/ NV Noticias<\/strong><\/p>\n\n\n\n<p>La alcaldesa de Veracruz Patricia Lobeira Rodr\u00edguez se dijo satisfecha con la primera semana de vacaciones, pues los resultados fueron favorables. <\/p>\n\n\n\n<p>Se logr\u00f3 lleno total en hoteles de la ciudad pero adem\u00e1s las personas asistieron a las actividades deportivas y culturales as\u00ed como al parque Viveros, que nuevamente abri\u00f3 sus puertas como zool\u00f3gico. <\/p>\n\n\n\n<p>Tan solo ah\u00ed acudieron m\u00e1s de 40 mil personas u destac\u00f3 que se logr\u00f3 rescatar dicha \u00e1rea de esparcimiento de la ciudad porte\u00f1a. <\/p>\n\n\n\n<p>Agreg\u00f3 que gracias a la colaboraci\u00f3n de los diferentes cuerpos de seguridad se tuvo saldo blanco por lo que agradeci\u00f3 a la Marina, Guardia Nacional, Fuerza Civil y a los elementos de la Polic\u00eda Municipal y Naval, pues hubo saldo blanco en la semana mayor. <\/p>\n\n\n\n<blockquote class=\"wp-block-quote is-layout-flow wp-block-quote-is-layout-flow\"><p>\u201c<em>Los cuerpos de seguridad dieron resultados y hubo vacaciones plenas, en diversi\u00f3n y en un ambiente seguro<\/em>\u201d.<\/p><\/blockquote>\n\n\n\n<p>Se llevaron a cabo actividades deportivas, art\u00edsticas y culturales, a donde asistieron m\u00e1s de 60 mil personas. <\/p>\n\n\n\n<p>Asegur\u00f3 que dieron resultados las campa\u00f1as de promoci\u00f3n tur\u00edstica. Se promocionaron las pr\u00f3ximas festividades para que los visitantes vuelvan y disfruten el Festival Velas Latinoam\u00e9rica 2022 y el Carnaval de Veracruz 2022. <\/p>\n\n\n\n<blockquote class=\"wp-block-quote is-layout-flow wp-block-quote-is-layout-flow\"><p>\u201c<em>Se reactivaron los espacios p\u00fablicos y abri\u00f3 el parque Zool\u00f3gico al que asistieron 40 mil personas. Es un orgullo haber rescatado este espacio para el esparcimiento de la familia<\/em>\u201d.<\/p><\/blockquote>\n\n\n\n<p>Confi\u00f3 en que esta Semana sea igual de exitosa y deje buenos resultados.<\/p>\n","protected":false},"excerpt":{"rendered":"<p>Jes\u00fas Utrilla \/ NV Noticias La alcaldesa de Veracruz Patricia Lobeira Rodr\u00edguez se dijo satisfecha con la primera semana de vacaciones, pues los resultados fueron favorables. Se logr\u00f3 lleno total en hoteles de la ciudad pero adem\u00e1s las personas asistieron a las actividades deportivas y culturales as\u00ed como al parque Viveros, que nuevamente abri\u00f3 sus [&hellip;]<\/p>\n","protected":false},"author":8,"featured_media":50442,"comment_status":"open","ping_status":"open","sticky":false,"template":"","format":"standard","meta":{"_monsterinsights_skip_tracking":false,"_monsterinsights_sitenote_active":false,"_monsterinsights_sitenote_note":"","_monsterinsights_sitenote_category":0,"footnotes":""},"categories":[154],"tags":[3867,1474,180],"class_list":["post-50439","post","type-post","status-publish","format-standard","has-post-thumbnail","hentry","category-veracruz","tag-patricia-lobeira","tag-semana-santa","tag-veracruz","wp-image-borders"],"amp_enabled":true,"_links":{"self":[{"href":"https:\/\/nvnoticias.mx\/index.php\/wp-json\/wp\/v2\/posts\/50439","targetHints":{"allow":["GET"]}}],"collection":[{"href":"https:\/\/nvnoticias.mx\/index.php\/wp-json\/wp\/v2\/posts"}],"about":[{"href":"https:\/\/nvnoticias.mx\/index.php\/wp-json\/wp\/v2\/types\/post"}],"author":[{"embeddable":true,"href":"https:\/\/nvnoticias.mx\/index.php\/wp-json\/wp\/v2\/users\/8"}],"replies":[{"embeddable":true,"href":"https:\/\/nvnoticias.mx\/index.php\/wp-json\/wp\/v2\/comments?post=50439"}],"version-history":[{"count":1,"href":"https:\/\/nvnoticias.mx\/index.php\/wp-json\/wp\/v2\/posts\/50439\/revisions"}],"predecessor-version":[{"id":50443,"href":"https:\/\/nvnoticias.mx\/index.php\/wp-json\/wp\/v2\/posts\/50439\/revisions\/50443"}],"wp:featuredmedia":[{"embeddable":true,"href":"https:\/\/nvnoticias.mx\/index.php\/wp-json\/wp\/v2\/media\/50442"}],"wp:attachment":[{"href":"https:\/\/nvnoticias.mx\/index.php\/wp-json\/wp\/v2\/media?parent=50439"}],"wp:term":[{"taxonomy":"category","embeddable":true,"href":"https:\/\/nvnoticias.mx\/index.php\/wp-json\/wp\/v2\/categories?post=50439"},{"taxonomy":"post_tag","embeddable":true,"href":"https:\/\/nvnoticias.mx\/index.php\/wp-json\/wp\/v2\/tags?post=50439"}],"curies":[{"name":"wp","href":"https:\/\/api.w.org\/{rel}","templated":true}]}}