{"id":50431,"date":"2022-04-18T12:10:47","date_gmt":"2022-04-18T17:10:47","guid":{"rendered":"https:\/\/nvnoticias.mx\/?p=50431"},"modified":"2022-04-18T12:10:47","modified_gmt":"2022-04-18T17:10:47","slug":"campesinos-de-la-sierra-alta-de-coatepec-insisten-en-ser-duenos-de-tierra-en-conflicto","status":"publish","type":"post","link":"https:\/\/nvnoticias.mx\/index.php\/2022\/04\/18\/campesinos-de-la-sierra-alta-de-coatepec-insisten-en-ser-duenos-de-tierra-en-conflicto\/","title":{"rendered":"Campesinos de la sierra alta de Coatepec insisten en ser due\u00f1os de tierra en conflicto"},"content":{"rendered":"\n<p><strong>Sam Ojeda \/ NV Noticias<\/strong><\/p>\n\n\n\n<p>Xalapa.- Integrantes de la Central Independiente Obreros Agr\u00edcolas y Campesinos se manifestaron en la plaza Lerdo para denunciar el presunto despojo de 2 mil hect\u00e1reas en la sierra alta de Coatepec.\u00a0<\/p>\n\n\n\n<p>El dirigente de la organizaci\u00f3n, Ram\u00f3n Gonz\u00e1lez G\u00f3mez, indic\u00f3 que en esa zona viven 150 familias que desde 1976 han trabajado la tierra y ahora est\u00e1n peleando por una tierra que ocuparon porque no ten\u00eda due\u00f1o.\u00a0<\/p>\n\n\n\n<blockquote class=\"wp-block-quote is-layout-flow wp-block-quote-is-layout-flow\"><p>\u201c<em>Se ven obligados por la pobreza para buscar espacios para producir la tierra, a eso se han dedicado toda su vida. En 1976 se metieron a las tierras, los golpearon y encarcelaron en varias ocasiones. No hab\u00eda due\u00f1o y ahora resulta que ya hay due\u00f1os\u201d<\/em>.<\/p><\/blockquote>\n\n\n\n<p>Dijo que quien se dice due\u00f1o de las tierras es un artista \u201cmillonario\u201d que abusan del poder econ\u00f3mico quiere despejarnos de las tierras que tienen. \u00a0<\/p>\n\n\n\n<blockquote class=\"wp-block-quote is-layout-flow wp-block-quote-is-layout-flow\"><p>\u201c<em>No vamos a dejarnos. Actualmente enfrentamos un proceso legal ama\u00f1ado, quieren despojarnos de 2 mil hect\u00e1reas donde viven 150 familias<\/em>\u201d.<\/p><\/blockquote>\n\n\n\n<p>Neg\u00f3 que en esta zona haya problemas de tala de \u00e1rboles como se ha dicho y por ello exigieron que se protejan sus intereses.\u00a0<\/p>\n\n\n\n<blockquote class=\"wp-block-quote is-layout-flow wp-block-quote-is-layout-flow\"><p>\u201c<em>La Profepa y Semarnat han constatado que somos amigos de la naturaleza, no hay tala de \u00e1rboles, hemos explotado de manera muy responsable los espacios que nos corresponden. No hemos talado un solo \u00e1rbol<\/em>\u201d. \u00a0<\/p><\/blockquote>\n\n\n\n<p>Los manifestantes exigieron la intervenci\u00f3n del Gobierno del estado para que haya una mesa de di\u00e1logo sobre la posesi\u00f3n de estas tierras.\u00a0<\/p>\n","protected":false},"excerpt":{"rendered":"<p>Sam Ojeda \/ NV Noticias Xalapa.- Integrantes de la Central Independiente Obreros Agr\u00edcolas y Campesinos se manifestaron en la plaza Lerdo para denunciar el presunto despojo de 2 mil hect\u00e1reas en la sierra alta de Coatepec.\u00a0 El dirigente de la organizaci\u00f3n, Ram\u00f3n Gonz\u00e1lez G\u00f3mez, indic\u00f3 que en esa zona viven 150 familias que desde 1976 [&hellip;]<\/p>\n","protected":false},"author":8,"featured_media":50436,"comment_status":"open","ping_status":"open","sticky":false,"template":"","format":"standard","meta":{"_monsterinsights_skip_tracking":false,"_monsterinsights_sitenote_active":false,"_monsterinsights_sitenote_note":"","_monsterinsights_sitenote_category":0,"footnotes":""},"categories":[156],"tags":[1600,13589],"class_list":["post-50431","post","type-post","status-publish","format-standard","has-post-thumbnail","hentry","category-estado","tag-campesinos","tag-sierra-alta-de-coatepec","wp-image-borders"],"amp_enabled":true,"_links":{"self":[{"href":"https:\/\/nvnoticias.mx\/index.php\/wp-json\/wp\/v2\/posts\/50431","targetHints":{"allow":["GET"]}}],"collection":[{"href":"https:\/\/nvnoticias.mx\/index.php\/wp-json\/wp\/v2\/posts"}],"about":[{"href":"https:\/\/nvnoticias.mx\/index.php\/wp-json\/wp\/v2\/types\/post"}],"author":[{"embeddable":true,"href":"https:\/\/nvnoticias.mx\/index.php\/wp-json\/wp\/v2\/users\/8"}],"replies":[{"embeddable":true,"href":"https:\/\/nvnoticias.mx\/index.php\/wp-json\/wp\/v2\/comments?post=50431"}],"version-history":[{"count":1,"href":"https:\/\/nvnoticias.mx\/index.php\/wp-json\/wp\/v2\/posts\/50431\/revisions"}],"predecessor-version":[{"id":50437,"href":"https:\/\/nvnoticias.mx\/index.php\/wp-json\/wp\/v2\/posts\/50431\/revisions\/50437"}],"wp:featuredmedia":[{"embeddable":true,"href":"https:\/\/nvnoticias.mx\/index.php\/wp-json\/wp\/v2\/media\/50436"}],"wp:attachment":[{"href":"https:\/\/nvnoticias.mx\/index.php\/wp-json\/wp\/v2\/media?parent=50431"}],"wp:term":[{"taxonomy":"category","embeddable":true,"href":"https:\/\/nvnoticias.mx\/index.php\/wp-json\/wp\/v2\/categories?post=50431"},{"taxonomy":"post_tag","embeddable":true,"href":"https:\/\/nvnoticias.mx\/index.php\/wp-json\/wp\/v2\/tags?post=50431"}],"curies":[{"name":"wp","href":"https:\/\/api.w.org\/{rel}","templated":true}]}}