{"id":5042,"date":"2021-02-18T10:53:16","date_gmt":"2021-02-18T16:53:16","guid":{"rendered":"https:\/\/nvnoticias.mx\/?p=5042"},"modified":"2021-02-18T10:53:17","modified_gmt":"2021-02-18T16:53:17","slug":"aplaude-el-ine-que-se-deje-de-fotografiar-a-beneficiarios-de-vacunas-covid","status":"publish","type":"post","link":"https:\/\/nvnoticias.mx\/index.php\/2021\/02\/18\/aplaude-el-ine-que-se-deje-de-fotografiar-a-beneficiarios-de-vacunas-covid\/","title":{"rendered":"Aplaude el INE que se deje de fotografiar a beneficiarios de vacunas covid"},"content":{"rendered":"\n<p> A trav\u00e9s de sus redes sociales el consejero presidente del Instituto Nacional Electoral (INE), Lorenzo C\u00f3rdova, celebr\u00f3 que la Secretar\u00eda de Salud haya informado que se dejar\u00e1 de fotografiar y pedir una fotocopia de la credencial de elector a los beneficiarios de las vacunas contra Covid-19.<\/p>\n\n\n\n<figure class=\"wp-block-embed is-type-rich is-provider-twitter wp-block-embed-twitter\"><div class=\"wp-block-embed__wrapper\">\n<blockquote class=\"twitter-tweet\" data-width=\"550\" data-dnt=\"true\"><p lang=\"es\" dir=\"ltr\">La credencial del INE es el principal documento de identificaci\u00f3n en M\u00e9xico; es correcto su uso para verificar la identidad de las personas en la vacunaci\u00f3n. Reconocemos la decisi\u00f3n de la <a href=\"https:\/\/twitter.com\/SSalud_mx?ref_src=twsrc%5Etfw\">@SSalud_mx<\/a> de instruir que deje de fotografiarse o fotocopiarse en los m\u00f3dulos de vacunaci\u00f3n<\/p>&mdash; Lorenzo C\u00f3rdova V. (@lorenzocordovav) <a href=\"https:\/\/twitter.com\/lorenzocordovav\/status\/1362223320536596484?ref_src=twsrc%5Etfw\">February 18, 2021<\/a><\/blockquote><script async src=\"https:\/\/platform.twitter.com\/widgets.js\" charset=\"utf-8\"><\/script>\n<\/div><\/figure>\n\n\n\n<p><\/p>\n","protected":false},"excerpt":{"rendered":"<p>A trav\u00e9s de sus redes sociales el consejero presidente del Instituto Nacional Electoral (INE), Lorenzo C\u00f3rdova, celebr\u00f3 que la Secretar\u00eda de Salud haya informado que se dejar\u00e1 de fotografiar y pedir una fotocopia de la credencial de elector a los beneficiarios de las vacunas contra Covid-19.<\/p>\n","protected":false},"author":6,"featured_media":5043,"comment_status":"open","ping_status":"open","sticky":false,"template":"","format":"standard","meta":{"_monsterinsights_skip_tracking":false,"_monsterinsights_sitenote_active":false,"_monsterinsights_sitenote_note":"","_monsterinsights_sitenote_category":0,"footnotes":""},"categories":[158],"tags":[175,443,403],"class_list":["post-5042","post","type-post","status-publish","format-standard","has-post-thumbnail","hentry","category-politica","tag-covid-19","tag-ine","tag-vacunas","wp-image-borders"],"amp_enabled":true,"_links":{"self":[{"href":"https:\/\/nvnoticias.mx\/index.php\/wp-json\/wp\/v2\/posts\/5042","targetHints":{"allow":["GET"]}}],"collection":[{"href":"https:\/\/nvnoticias.mx\/index.php\/wp-json\/wp\/v2\/posts"}],"about":[{"href":"https:\/\/nvnoticias.mx\/index.php\/wp-json\/wp\/v2\/types\/post"}],"author":[{"embeddable":true,"href":"https:\/\/nvnoticias.mx\/index.php\/wp-json\/wp\/v2\/users\/6"}],"replies":[{"embeddable":true,"href":"https:\/\/nvnoticias.mx\/index.php\/wp-json\/wp\/v2\/comments?post=5042"}],"version-history":[{"count":1,"href":"https:\/\/nvnoticias.mx\/index.php\/wp-json\/wp\/v2\/posts\/5042\/revisions"}],"predecessor-version":[{"id":5044,"href":"https:\/\/nvnoticias.mx\/index.php\/wp-json\/wp\/v2\/posts\/5042\/revisions\/5044"}],"wp:featuredmedia":[{"embeddable":true,"href":"https:\/\/nvnoticias.mx\/index.php\/wp-json\/wp\/v2\/media\/5043"}],"wp:attachment":[{"href":"https:\/\/nvnoticias.mx\/index.php\/wp-json\/wp\/v2\/media?parent=5042"}],"wp:term":[{"taxonomy":"category","embeddable":true,"href":"https:\/\/nvnoticias.mx\/index.php\/wp-json\/wp\/v2\/categories?post=5042"},{"taxonomy":"post_tag","embeddable":true,"href":"https:\/\/nvnoticias.mx\/index.php\/wp-json\/wp\/v2\/tags?post=5042"}],"curies":[{"name":"wp","href":"https:\/\/api.w.org\/{rel}","templated":true}]}}