{"id":50360,"date":"2022-04-18T09:32:40","date_gmt":"2022-04-18T14:32:40","guid":{"rendered":"https:\/\/nvnoticias.mx\/?p=50360"},"modified":"2022-04-18T09:32:42","modified_gmt":"2022-04-18T14:32:42","slug":"reportan-sismo-de-magnitud-4-5-en-el-sur-de-arcelia-en-guerrero","status":"publish","type":"post","link":"https:\/\/nvnoticias.mx\/index.php\/2022\/04\/18\/reportan-sismo-de-magnitud-4-5-en-el-sur-de-arcelia-en-guerrero\/","title":{"rendered":"Reportan sismo de magnitud 4.5 en el sur de Arcelia en Guerrero"},"content":{"rendered":"\n<p>Un sismo de magnitud 4.5 sacudi\u00f3 hoy Arcelia, en Guerrero, en la regi\u00f3n de Tierra Caliente, report\u00f3 el Servicio Sismol\u00f3gico Nacional, que detall\u00f3 que el movimiento tel\u00farico ocurri\u00f3 a las 07:27 horas. <\/p>\n\n\n\n<p>Seg\u00fan los expertos, el sismo se registr\u00f3 39 kil\u00f3metros al sur de esa ciudad, con una profundidad de 47 kil\u00f3metros. Inicialmente se hab\u00eda reportado una magnitud de 4.7. <\/p>\n\n\n\n<p>Hasta el momento, las autoridades de la Secretaria de Protecci\u00f3n Civil Guerrero revelaron que se aplicaron los protocolos en la zona donde fue el epicentro y no reportan da\u00f1os materiales, ni p\u00e9rdida de vidas humanas o heridos. <\/p>\n\n\n\n<p>En su cuenta en Twitter, la misma instituci\u00f3n sugiri\u00f3 a los habitantes a comunicarse al 911 en caso de que registraran eventuales afectaciones por el sismo. <\/p>\n\n\n\n<blockquote class=\"twitter-tweet\"><p lang=\"es\" dir=\"ltr\">SISMO Magnitud 4.5 Loc 39 km al SUR de ARCELIA, GRO 18\/04\/22 07:27:28 Lat 17.97 Lon -100.32 Pf 47 km <a href=\"https:\/\/t.co\/0UbqFDJln8\">pic.twitter.com\/0UbqFDJln8<\/a><\/p>&mdash; Sismologico Nacional (@SismologicoMX) <a href=\"https:\/\/twitter.com\/SismologicoMX\/status\/1516036092692099074?ref_src=twsrc%5Etfw\">April 18, 2022<\/a><\/blockquote> <script async src=\"https:\/\/platform.twitter.com\/widgets.js\" charset=\"utf-8\"><\/script>\n\n\n\n<p>Fuente: <a href=\"https:\/\/www.milenio.com\/estados\/guerrero-sismo-sacude-ciudad-arcelia-manana\" data-type=\"URL\" data-id=\"https:\/\/www.milenio.com\/estados\/guerrero-sismo-sacude-ciudad-arcelia-manana\">Milenio<\/a> <\/p>\n","protected":false},"excerpt":{"rendered":"<p>Un sismo de magnitud 4.5 sacudi\u00f3 hoy Arcelia, en Guerrero, en la regi\u00f3n de Tierra Caliente, report\u00f3 el Servicio Sismol\u00f3gico Nacional, que detall\u00f3 que el movimiento tel\u00farico ocurri\u00f3 a las 07:27 horas. Seg\u00fan los expertos, el sismo se registr\u00f3 39 kil\u00f3metros al sur de esa ciudad, con una profundidad de 47 kil\u00f3metros. Inicialmente se hab\u00eda [&hellip;]<\/p>\n","protected":false},"author":35,"featured_media":50364,"comment_status":"open","ping_status":"open","sticky":false,"template":"","format":"standard","meta":{"_monsterinsights_skip_tracking":false,"_monsterinsights_sitenote_active":false,"_monsterinsights_sitenote_note":"","_monsterinsights_sitenote_category":0,"footnotes":""},"categories":[157],"tags":[13562,2231,8318,7675,690],"class_list":["post-50360","post","type-post","status-publish","format-standard","has-post-thumbnail","hentry","category-nacional","tag-arcelia","tag-guerrero","tag-magnitud","tag-reportan","tag-sismo","wp-image-borders"],"amp_enabled":true,"_links":{"self":[{"href":"https:\/\/nvnoticias.mx\/index.php\/wp-json\/wp\/v2\/posts\/50360","targetHints":{"allow":["GET"]}}],"collection":[{"href":"https:\/\/nvnoticias.mx\/index.php\/wp-json\/wp\/v2\/posts"}],"about":[{"href":"https:\/\/nvnoticias.mx\/index.php\/wp-json\/wp\/v2\/types\/post"}],"author":[{"embeddable":true,"href":"https:\/\/nvnoticias.mx\/index.php\/wp-json\/wp\/v2\/users\/35"}],"replies":[{"embeddable":true,"href":"https:\/\/nvnoticias.mx\/index.php\/wp-json\/wp\/v2\/comments?post=50360"}],"version-history":[{"count":4,"href":"https:\/\/nvnoticias.mx\/index.php\/wp-json\/wp\/v2\/posts\/50360\/revisions"}],"predecessor-version":[{"id":50365,"href":"https:\/\/nvnoticias.mx\/index.php\/wp-json\/wp\/v2\/posts\/50360\/revisions\/50365"}],"wp:featuredmedia":[{"embeddable":true,"href":"https:\/\/nvnoticias.mx\/index.php\/wp-json\/wp\/v2\/media\/50364"}],"wp:attachment":[{"href":"https:\/\/nvnoticias.mx\/index.php\/wp-json\/wp\/v2\/media?parent=50360"}],"wp:term":[{"taxonomy":"category","embeddable":true,"href":"https:\/\/nvnoticias.mx\/index.php\/wp-json\/wp\/v2\/categories?post=50360"},{"taxonomy":"post_tag","embeddable":true,"href":"https:\/\/nvnoticias.mx\/index.php\/wp-json\/wp\/v2\/tags?post=50360"}],"curies":[{"name":"wp","href":"https:\/\/api.w.org\/{rel}","templated":true}]}}