{"id":50265,"date":"2022-04-17T14:14:56","date_gmt":"2022-04-17T19:14:56","guid":{"rendered":"https:\/\/nvnoticias.mx\/?p=50265"},"modified":"2022-04-17T14:14:57","modified_gmt":"2022-04-17T19:14:57","slug":"hoteleros-esperan-buenos-resultados-esta-semana-santa-y-en-carnaval","status":"publish","type":"post","link":"https:\/\/nvnoticias.mx\/index.php\/2022\/04\/17\/hoteleros-esperan-buenos-resultados-esta-semana-santa-y-en-carnaval\/","title":{"rendered":"Hoteleros esperan buenos resultados esta Semana Santa y en Carnaval"},"content":{"rendered":"\n<p><strong>Jes\u00fas Utrilla | NV Noticias<\/strong><\/p>\n\n\n\n<p>Santiago Caram\u00e9s Chaparro, presidente de la Asociaci\u00f3n de Hoteles y Moteles, confi\u00f3 que los 175 hospedajes de la zona conurbada alcancen su m\u00e1ximo permitido por el sem\u00e1foro epidemiol\u00f3gico en lo que resta de las vacaciones de Semana Santa.<\/p>\n\n\n\n<p>Dijo que luego de dos a\u00f1os de baja movilidad las personas seguir\u00e1n paseando en familia en los siguientes d\u00edas.<\/p>\n\n\n\n<blockquote class=\"wp-block-quote is-layout-flow wp-block-quote-is-layout-flow\"><p>\u201cVamos muy bien, as\u00ed que estamos seguros que nos ir\u00e1 muy bien\u201d.<\/p><\/blockquote>\n\n\n\n<p>Vaticin\u00f3 que el carnaval que se llevar\u00e1 acabo en julio ser\u00e1 mejor que el que se hac\u00eda en febrero, debido a que los han llamado para solicitar informes del precio de las habitaciones y reservar alguna.<\/p>\n\n\n\n<p>Admiti\u00f3 que desde que comenz\u00f3 el a\u00f1o hay mayor cantidad de visitantes en Veracruz y Boca del R\u00edo por lo que confi\u00f3 que en los siguientes meses se siga generando derrama econ\u00f3mica.<\/p>\n\n\n\n<p>Adem\u00e1s en estas fechas las personas buscan destinos de playa.<\/p>\n\n\n\n<blockquote class=\"wp-block-quote is-layout-flow wp-block-quote-is-layout-flow\"><p>\u201cPara el carnaval tambi\u00e9n nos est\u00e1n llamando para solicitar informes y algunos ya reservaron una habitaci\u00f3n por lo que esperamos que las reservaciones sigan creciendo conforme avancen los d\u00edas\u201d.<\/p><\/blockquote>\n\n\n\n<p>Finalmente vi\u00f3 con buenos ojos los operativos coordinados que se llevan a cabo para garantizar la seguridad de todos los paseantes.<\/p>\n","protected":false},"excerpt":{"rendered":"<p>Jes\u00fas Utrilla | NV Noticias Santiago Caram\u00e9s Chaparro, presidente de la Asociaci\u00f3n de Hoteles y Moteles, confi\u00f3 que los 175 hospedajes de la zona conurbada alcancen su m\u00e1ximo permitido por el sem\u00e1foro epidemiol\u00f3gico en lo que resta de las vacaciones de Semana Santa. Dijo que luego de dos a\u00f1os de baja movilidad las personas seguir\u00e1n [&hellip;]<\/p>\n","protected":false},"author":7,"featured_media":16357,"comment_status":"open","ping_status":"open","sticky":false,"template":"","format":"standard","meta":{"_monsterinsights_skip_tracking":false,"_monsterinsights_sitenote_active":false,"_monsterinsights_sitenote_note":"","_monsterinsights_sitenote_category":0,"footnotes":""},"categories":[154],"tags":[6866,2223,1474],"class_list":["post-50265","post","type-post","status-publish","format-standard","has-post-thumbnail","hentry","category-veracruz","tag-carnaval","tag-hoteleros","tag-semana-santa","wp-image-borders"],"amp_enabled":true,"_links":{"self":[{"href":"https:\/\/nvnoticias.mx\/index.php\/wp-json\/wp\/v2\/posts\/50265","targetHints":{"allow":["GET"]}}],"collection":[{"href":"https:\/\/nvnoticias.mx\/index.php\/wp-json\/wp\/v2\/posts"}],"about":[{"href":"https:\/\/nvnoticias.mx\/index.php\/wp-json\/wp\/v2\/types\/post"}],"author":[{"embeddable":true,"href":"https:\/\/nvnoticias.mx\/index.php\/wp-json\/wp\/v2\/users\/7"}],"replies":[{"embeddable":true,"href":"https:\/\/nvnoticias.mx\/index.php\/wp-json\/wp\/v2\/comments?post=50265"}],"version-history":[{"count":1,"href":"https:\/\/nvnoticias.mx\/index.php\/wp-json\/wp\/v2\/posts\/50265\/revisions"}],"predecessor-version":[{"id":50266,"href":"https:\/\/nvnoticias.mx\/index.php\/wp-json\/wp\/v2\/posts\/50265\/revisions\/50266"}],"wp:featuredmedia":[{"embeddable":true,"href":"https:\/\/nvnoticias.mx\/index.php\/wp-json\/wp\/v2\/media\/16357"}],"wp:attachment":[{"href":"https:\/\/nvnoticias.mx\/index.php\/wp-json\/wp\/v2\/media?parent=50265"}],"wp:term":[{"taxonomy":"category","embeddable":true,"href":"https:\/\/nvnoticias.mx\/index.php\/wp-json\/wp\/v2\/categories?post=50265"},{"taxonomy":"post_tag","embeddable":true,"href":"https:\/\/nvnoticias.mx\/index.php\/wp-json\/wp\/v2\/tags?post=50265"}],"curies":[{"name":"wp","href":"https:\/\/api.w.org\/{rel}","templated":true}]}}