{"id":50248,"date":"2022-04-17T12:56:50","date_gmt":"2022-04-17T17:56:50","guid":{"rendered":"https:\/\/nvnoticias.mx\/?p=50248"},"modified":"2022-04-17T12:59:59","modified_gmt":"2022-04-17T17:59:59","slug":"piden-diputadas-se-excuse-a-margarita-zavala-de-votar","status":"publish","type":"post","link":"https:\/\/nvnoticias.mx\/index.php\/2022\/04\/17\/piden-diputadas-se-excuse-a-margarita-zavala-de-votar\/","title":{"rendered":"Piden diputadas se excuse a Margarita Zavala de votar"},"content":{"rendered":"\n<p class=\"wp-block-paragraph\">Sergio Guti\u00e9rrez Luna, presidente de la Mesa Directiva de la C\u00e1mara de Diputados, reinici\u00f3 la sesi\u00f3n para la discusi\u00f3n de la reforma el\u00e9ctrica. <\/p>\n\n\n\n<p class=\"wp-block-paragraph\">Segundos despu\u00e9s la diputada Andrea Ch\u00e1vez&nbsp;pidi\u00f3 el uso de la palabra para solicitar que la panista Margarita Zavala&nbsp;se excuse de votar, ello al&nbsp;ser esposa del ex presidente Felipe Calder\u00f3n, quien&nbsp;presuntamente pudo haber recibido millones de pesos de Iberdrola,&nbsp;empresa de energ\u00eda. <\/p>\n\n\n\n<p class=\"wp-block-paragraph\">A \u00e9sta petici\u00f3n se sum\u00f3 Lilia Aguilar, legisladora del Partido del Trabajo, quien reiter\u00f3 que puede haber un posible conflicto de intereses de Margarita Zavala. <\/p>\n\n\n\n<figure class=\"wp-block-embed aligncenter is-type-rich is-provider-twitter wp-block-embed-twitter\"><div class=\"wp-block-embed__wrapper\">\n<blockquote class=\"twitter-tweet\" data-width=\"550\" data-dnt=\"true\"><p lang=\"es\" dir=\"ltr\">Margarita Zavala y Felipe Calder\u00f3n, a lado de Ignacio Gal\u00e1n, presidente y consejero de <a href=\"https:\/\/twitter.com\/hashtag\/Iberdrola?src=hash&amp;ref_src=twsrc%5Etfw\">#Iberdrola<\/a>. El voto de Margarita debe ser impugnado por su claro conflicto de intereses. <a href=\"https:\/\/t.co\/8476Eb4Og9\">pic.twitter.com\/8476Eb4Og9<\/a><\/p>&mdash; Lilia Aguilar Gil (@liliaaguilarmx) <a href=\"https:\/\/twitter.com\/liliaaguilarmx\/status\/1514719653049819150?ref_src=twsrc%5Etfw\">April 14, 2022<\/a><\/blockquote><script async src=\"https:\/\/platform.twitter.com\/widgets.js\" charset=\"utf-8\"><\/script>\n<\/div><\/figure>\n\n\n\n<p class=\"wp-block-paragraph\">Previo a tales se\u00f1alamientos, Margarita Zavala presumi\u00f3 en redes sociales que la oposici\u00f3n estaba unida y presente en la sesi\u00f3n.<\/p>\n\n\n\n<figure class=\"wp-block-embed aligncenter is-type-rich is-provider-twitter wp-block-embed-twitter\"><div class=\"wp-block-embed__wrapper\">\n<blockquote class=\"twitter-tweet\" data-width=\"550\" data-dnt=\"true\"><p lang=\"es\" dir=\"ltr\">Unida la Oposici\u00f3n. Estamos presentes <a href=\"https:\/\/t.co\/0wPGVSNaW6\">pic.twitter.com\/0wPGVSNaW6<\/a><\/p>&mdash; Margarita Zavala (@Mzavalagc) <a href=\"https:\/\/twitter.com\/Mzavalagc\/status\/1515717549924704260?ref_src=twsrc%5Etfw\">April 17, 2022<\/a><\/blockquote><script async src=\"https:\/\/platform.twitter.com\/widgets.js\" charset=\"utf-8\"><\/script>\n<\/div><\/figure>\n\n\n\n<p class=\"wp-block-paragraph\">En 2020,&nbsp;Felipe Calder\u00f3n rechaz\u00f3 que haya sido contratado por la empresa espa\u00f1ola Iberdrola tras finalizar su gesti\u00f3n en 2012. <\/p>\n\n\n\n<p class=\"wp-block-paragraph\">El ex mandatario, desde su cuenta de Twitter, se\u00f1al\u00f3 que al finalizar su gesti\u00f3n fue invitado por la Universidad de Harvard para hacer una estancia acad\u00e9mica.<\/p>\n\n\n\n<figure class=\"wp-block-embed aligncenter is-type-rich is-provider-twitter wp-block-embed-twitter\"><div class=\"wp-block-embed__wrapper\">\n<blockquote class=\"twitter-tweet\" data-width=\"550\" data-dnt=\"true\"><p lang=\"es\" dir=\"ltr\">Con todo respeto, pero el Presidente <a href=\"https:\/\/twitter.com\/lopezobrador_?ref_src=twsrc%5Etfw\">@lopezobrador_<\/a> miente. Yo no me fui terminando mi administraci\u00f3n a formar parte del Consejo de Administraci\u00f3n de <a href=\"https:\/\/twitter.com\/iberdrola?ref_src=twsrc%5Etfw\">@iberdrola<\/a>. Al salir fui invitado por la Universidad de <a href=\"https:\/\/twitter.com\/Harvard?ref_src=twsrc%5Etfw\">@Harvard<\/a> a hacer una estancia acad\u00e9mica como \u201cGlobal Leader Fellow\u201d en KSG<\/p>&mdash; Felipe Calder\u00f3n ???????? (@FelipeCalderon) <a href=\"https:\/\/twitter.com\/FelipeCalderon\/status\/1276164549205524480?ref_src=twsrc%5Etfw\">June 25, 2020<\/a><\/blockquote><script async src=\"https:\/\/platform.twitter.com\/widgets.js\" charset=\"utf-8\"><\/script>\n<\/div><\/figure>\n\n\n\n<p class=\"wp-block-paragraph\">Fuente: <a href=\"https:\/\/www.milenio.com\/politica\/reforma-electrica-discusion-en-directo-desde-camara-diputados\">Milenio<\/a><\/p>\n","protected":false},"excerpt":{"rendered":"<p>Sergio Guti\u00e9rrez Luna, presidente de la Mesa Directiva de la C\u00e1mara de Diputados, reinici\u00f3 la sesi\u00f3n para la discusi\u00f3n de la reforma el\u00e9ctrica. Segundos despu\u00e9s la diputada Andrea Ch\u00e1vez&nbsp;pidi\u00f3 el uso de la palabra para solicitar que la panista Margarita Zavala&nbsp;se excuse de votar, ello al&nbsp;ser esposa del ex presidente Felipe Calder\u00f3n, quien&nbsp;presuntamente pudo haber [&hellip;]<\/p>\n","protected":false},"author":7,"featured_media":20809,"comment_status":"open","ping_status":"open","sticky":false,"template":"","format":"standard","meta":{"_monsterinsights_skip_tracking":false,"footnotes":""},"categories":[158],"tags":[13543,1046,162,1553],"class_list":["post-50248","post","type-post","status-publish","format-standard","has-post-thumbnail","hentry","category-politica","tag-felipe-calderon","tag-margarita-zavala","tag-portada","tag-reforma-electrica","wp-image-borders"],"amp_enabled":true,"_links":{"self":[{"href":"https:\/\/nvnoticias.mx\/index.php\/wp-json\/wp\/v2\/posts\/50248","targetHints":{"allow":["GET"]}}],"collection":[{"href":"https:\/\/nvnoticias.mx\/index.php\/wp-json\/wp\/v2\/posts"}],"about":[{"href":"https:\/\/nvnoticias.mx\/index.php\/wp-json\/wp\/v2\/types\/post"}],"author":[{"embeddable":true,"href":"https:\/\/nvnoticias.mx\/index.php\/wp-json\/wp\/v2\/users\/7"}],"replies":[{"embeddable":true,"href":"https:\/\/nvnoticias.mx\/index.php\/wp-json\/wp\/v2\/comments?post=50248"}],"version-history":[{"count":3,"href":"https:\/\/nvnoticias.mx\/index.php\/wp-json\/wp\/v2\/posts\/50248\/revisions"}],"predecessor-version":[{"id":50252,"href":"https:\/\/nvnoticias.mx\/index.php\/wp-json\/wp\/v2\/posts\/50248\/revisions\/50252"}],"wp:featuredmedia":[{"embeddable":true,"href":"https:\/\/nvnoticias.mx\/index.php\/wp-json\/wp\/v2\/media\/20809"}],"wp:attachment":[{"href":"https:\/\/nvnoticias.mx\/index.php\/wp-json\/wp\/v2\/media?parent=50248"}],"wp:term":[{"taxonomy":"category","embeddable":true,"href":"https:\/\/nvnoticias.mx\/index.php\/wp-json\/wp\/v2\/categories?post=50248"},{"taxonomy":"post_tag","embeddable":true,"href":"https:\/\/nvnoticias.mx\/index.php\/wp-json\/wp\/v2\/tags?post=50248"}],"curies":[{"name":"wp","href":"https:\/\/api.w.org\/{rel}","templated":true}]}}