{"id":50160,"date":"2022-04-16T13:58:05","date_gmt":"2022-04-16T18:58:05","guid":{"rendered":"https:\/\/nvnoticias.mx\/?p=50160"},"modified":"2022-04-16T13:58:07","modified_gmt":"2022-04-16T18:58:07","slug":"se-declara-salina-cruz-en-emergencia-y-alista-albergue-por-incendio-de-refineria-en-oaxaca","status":"publish","type":"post","link":"https:\/\/nvnoticias.mx\/index.php\/2022\/04\/16\/se-declara-salina-cruz-en-emergencia-y-alista-albergue-por-incendio-de-refineria-en-oaxaca\/","title":{"rendered":"Se declara Salina Cruz en emergencia y alista albergue por incendio de refiner\u00eda en Oaxaca"},"content":{"rendered":"\n<p>Tras la<strong>\u00a0reactivaci\u00f3n del incendio en la refiner\u00eda<\/strong>\u00a0\u201c<strong>Antonio Doval\u00ed Jaime<\/strong>\u201d, el presidente municipal de<strong>\u00a0Salina Cruz<\/strong>,\u00a0<strong>Daniel M\u00e9ndez Sosa<\/strong>, inform\u00f3 que se instal\u00f3 en sesi\u00f3n permanente el\u00a0<strong>Consejo Municipal de Protecci\u00f3n Civil<\/strong>, hasta que concluya la emergencia en la\u00a0<strong>planta procesadora de hidrocarburos<\/strong>.<\/p>\n\n\n\n<p>En conferencia de prensa, el alcalde porte\u00f1o dijo que de acuerdo con los reportes de las autoridades de Petr\u00f3leos Mexicanos (<strong>Pemex<\/strong>) de la Secretar\u00eda de Marina (<strong>Semar<\/strong>), el fuego que se reactiv\u00f3 en la madrugada de hoy, en el tanque TV-102 cargado con 30 mil barriles de&nbsp;<strong>gasolina regular<\/strong>, est\u00e1 controlado, mientras, se sigue consumiendo el combustible.<\/p>\n\n\n\n<p>Ante las llamas que alcanzan poco m\u00e1s de 100 metros de altura y la enorme columna de humo negro se alza cientos de metros, las autoridades de Salina Cruz tienen listo el\u00a0<strong>Auditorio Municipal<\/strong>\u00a0para habilitarlo como\u00a0<strong>albergue<\/strong>, en caso de que el viento cambie de direcci\u00f3n y afecte a las 150\u00a0<strong>familias del poblado Boca del R\u00edo<\/strong>, que se ubica al oriente de la refiner\u00eda.<\/p>\n\n\n\n<p>Por la ma\u00f1ana, cuando las autoridades de&nbsp;<strong>Pemex declararon la emergencia<\/strong>&nbsp;y suspendieron la operaci\u00f3n de la refiner\u00eda, se contemplaba la posibilidad de solicitar a&nbsp;<strong>Pemex Coatzacoalcos<\/strong>&nbsp;apoyo para el env\u00edo, v\u00eda a\u00e9rea, de una sustancia conocida como espuma para sofocar el incendio, sin embargo, al parecer los ingenieros petroleros van a permitir que se consuma toda la gasolina.<\/p>\n\n\n\n<p>El alcalde\u00a0 destac\u00f3 que ha mantenido la comunicaci\u00f3n con el gerente de la refiner\u00eda Ricardo Mart\u00ednez Morales y con el Vicealmirante Comandante de la Zona Naval 12, Carlos Eduardo L\u2019Eglise Escamilla. De acuerdo con lo que ha informado Petr\u00f3leos Mexicanos a trav\u00e9s de su gerente en las \u00faltimas horas, el incendio est\u00e1 controlado en el tanque de cien mil barriles.<\/p>\n\n\n\n<p>Las autoridades de Pemex, apunt\u00f3 el presidente municipal, Daniel M\u00e9ndez Sosa,&nbsp;informaron que, al momento del incendio, el tanque siniestrado contaba con 30 mil barriles y se espera que, en las pr\u00f3ximas 24 horas, el siniestro se extinga en su totalidad, al consumirse el total de combustible, mientras tanto, las columnas de fuego y humo ennegrecen el cielo del puerto.<\/p>\n\n\n\n<p>En la zona del siniestro, casi en el centro de la refiner\u00eda, trabajan casi 100 personas, como los bomberos que enfr\u00edan los otros cuatro tanques con capacidad de cien mil barriles de combustible, que est\u00e1n separados unos 200 metros de distancia y protegidos por una barda de dos metros de altura, y los ingenieros petroleros que eval\u00faan los riesgos.<\/p>\n\n\n\n<p>El incendio comenz\u00f3 poco despu\u00e9s de las dos de la tarde de ayer, aparentemente fue sofocado, pero se reactiv\u00f3 a las seis de la tarde, y de igual forma, el fuego concluy\u00f3, pero en la madrugada de hoy se reaviv\u00f3 y se declar\u00f3 la emergencia que oblig\u00f3 a paralizar las 26 plantas que operan en la refiner\u00eda de Salina Cruz que en agosto pr\u00f3ximo cumplir\u00e1 43 a\u00f1os de su inauguraci\u00f3n.<\/p>\n\n\n\n<p>Fuente: <a href=\"https:\/\/oaxaca.eluniversal.com.mx\/municipios\/salina-cruz-se-declara-en-emergencia-y-alista-albergue-por-incendio-de-refineria-en\" data-type=\"URL\" data-id=\"https:\/\/oaxaca.eluniversal.com.mx\/municipios\/salina-cruz-se-declara-en-emergencia-y-alista-albergue-por-incendio-de-refineria-en\">El Universal<\/a><\/p>\n","protected":false},"excerpt":{"rendered":"<p>Tras la\u00a0reactivaci\u00f3n del incendio en la refiner\u00eda\u00a0\u201cAntonio Doval\u00ed Jaime\u201d, el presidente municipal de\u00a0Salina Cruz,\u00a0Daniel M\u00e9ndez Sosa, inform\u00f3 que se instal\u00f3 en sesi\u00f3n permanente el\u00a0Consejo Municipal de Protecci\u00f3n Civil, hasta que concluya la emergencia en la\u00a0planta procesadora de hidrocarburos. En conferencia de prensa, el alcalde porte\u00f1o dijo que de acuerdo con los reportes de las autoridades [&hellip;]<\/p>\n","protected":false},"author":35,"featured_media":50161,"comment_status":"open","ping_status":"open","sticky":false,"template":"","format":"standard","meta":{"_monsterinsights_skip_tracking":false,"_monsterinsights_sitenote_active":false,"_monsterinsights_sitenote_note":"","_monsterinsights_sitenote_category":0,"footnotes":""},"categories":[157],"tags":[3154,11526,262,310,270,2100,1802],"class_list":["post-50160","post","type-post","status-publish","format-standard","has-post-thumbnail","hentry","category-nacional","tag-albergue","tag-alista","tag-emergencia","tag-incendio","tag-oaxaca","tag-refineria","tag-salina-cruz","wp-image-borders"],"amp_enabled":true,"_links":{"self":[{"href":"https:\/\/nvnoticias.mx\/index.php\/wp-json\/wp\/v2\/posts\/50160","targetHints":{"allow":["GET"]}}],"collection":[{"href":"https:\/\/nvnoticias.mx\/index.php\/wp-json\/wp\/v2\/posts"}],"about":[{"href":"https:\/\/nvnoticias.mx\/index.php\/wp-json\/wp\/v2\/types\/post"}],"author":[{"embeddable":true,"href":"https:\/\/nvnoticias.mx\/index.php\/wp-json\/wp\/v2\/users\/35"}],"replies":[{"embeddable":true,"href":"https:\/\/nvnoticias.mx\/index.php\/wp-json\/wp\/v2\/comments?post=50160"}],"version-history":[{"count":1,"href":"https:\/\/nvnoticias.mx\/index.php\/wp-json\/wp\/v2\/posts\/50160\/revisions"}],"predecessor-version":[{"id":50162,"href":"https:\/\/nvnoticias.mx\/index.php\/wp-json\/wp\/v2\/posts\/50160\/revisions\/50162"}],"wp:featuredmedia":[{"embeddable":true,"href":"https:\/\/nvnoticias.mx\/index.php\/wp-json\/wp\/v2\/media\/50161"}],"wp:attachment":[{"href":"https:\/\/nvnoticias.mx\/index.php\/wp-json\/wp\/v2\/media?parent=50160"}],"wp:term":[{"taxonomy":"category","embeddable":true,"href":"https:\/\/nvnoticias.mx\/index.php\/wp-json\/wp\/v2\/categories?post=50160"},{"taxonomy":"post_tag","embeddable":true,"href":"https:\/\/nvnoticias.mx\/index.php\/wp-json\/wp\/v2\/tags?post=50160"}],"curies":[{"name":"wp","href":"https:\/\/api.w.org\/{rel}","templated":true}]}}