{"id":50152,"date":"2022-04-16T11:51:08","date_gmt":"2022-04-16T16:51:08","guid":{"rendered":"https:\/\/nvnoticias.mx\/?p=50152"},"modified":"2022-04-16T11:51:09","modified_gmt":"2022-04-16T16:51:09","slug":"colectivos-de-familiares-de-personas-desaparecidas-marcharon-en-xalapa","status":"publish","type":"post","link":"https:\/\/nvnoticias.mx\/index.php\/2022\/04\/16\/colectivos-de-familiares-de-personas-desaparecidas-marcharon-en-xalapa\/","title":{"rendered":"Colectivos de familiares de personas desaparecidas marcharon en Xalapa"},"content":{"rendered":"\n<p><strong>Sam Ojeda\u00a0| NV Noticias <\/strong><br>Xalapa.- Colectivos de familiares de personas desaparecidas marcharon por las calles de la ciudad para exigir celeridad en las investigaciones de las autoridades.\u00a0<\/p>\n\n\n\n<p>Caminaron desde el pante\u00f3n Palo Verde hacia el centro de la ciudad en esta ocasi\u00f3n para recordar la desaparici\u00f3n Hugo Murrieta S\u00e1nchez, el 16 de abril de 2013.<\/p>\n\n\n\n<p>Carmen S\u00e1nchez Tlapa, madre de Hugo se\u00f1alaron que tras 9 a\u00f1os de su desaparici\u00f3n en Coatepec las autoridades no han hecho nada por dar con su paradero.<\/p>\n\n\n\n<blockquote class=\"wp-block-quote is-layout-flow wp-block-quote-is-layout-flow\"><p>\u201cEl Gobierno no ha hecho nada por encontrarlo, nosotros hasta que Dios nos ayude o lo encontremos lo vamos a seguir buscando. Mi hijo fue v\u00edctima de desaparici\u00f3n forzada y hasta ahora no me han dicho por qu\u00e9\u201d.\u00a0<\/p><\/blockquote>\n\n\n\n<p><br>La desaparici\u00f3n ocurri\u00f3 a unos metros del palacio Municipal de Coatepec, el taxi de Hugo fue cercado por tres patrullas de la Secretar\u00eda de Seguridad P\u00fablica (SSP) para hacerle una revisi\u00f3n; Hugo fue esposado y subido a una patrulla y fue torturado en varias ocasiones y no se supo m\u00e1s de \u00e9l.\u00a0<\/p>\n\n\n\n<p>Por ello, como parte de las actividades los colectivos salieron a exigir justicia en este y otros casos.\u00a0<\/p>\n","protected":false},"excerpt":{"rendered":"<p>Sam Ojeda\u00a0| NV Noticias Xalapa.- Colectivos de familiares de personas desaparecidas marcharon por las calles de la ciudad para exigir celeridad en las investigaciones de las autoridades.\u00a0 Caminaron desde el pante\u00f3n Palo Verde hacia el centro de la ciudad en esta ocasi\u00f3n para recordar la desaparici\u00f3n Hugo Murrieta S\u00e1nchez, el 16 de abril de 2013. [&hellip;]<\/p>\n","protected":false},"author":35,"featured_media":7447,"comment_status":"open","ping_status":"open","sticky":false,"template":"","format":"standard","meta":{"_monsterinsights_skip_tracking":false,"_monsterinsights_sitenote_active":false,"_monsterinsights_sitenote_note":"","_monsterinsights_sitenote_category":0,"footnotes":""},"categories":[156],"tags":[360,3160,12125,855,162],"class_list":["post-50152","post","type-post","status-publish","format-standard","has-post-thumbnail","hentry","category-estado","tag-colectivos","tag-familiares","tag-marchan","tag-personas-desaparecidas","tag-portada","wp-image-borders"],"amp_enabled":true,"_links":{"self":[{"href":"https:\/\/nvnoticias.mx\/index.php\/wp-json\/wp\/v2\/posts\/50152","targetHints":{"allow":["GET"]}}],"collection":[{"href":"https:\/\/nvnoticias.mx\/index.php\/wp-json\/wp\/v2\/posts"}],"about":[{"href":"https:\/\/nvnoticias.mx\/index.php\/wp-json\/wp\/v2\/types\/post"}],"author":[{"embeddable":true,"href":"https:\/\/nvnoticias.mx\/index.php\/wp-json\/wp\/v2\/users\/35"}],"replies":[{"embeddable":true,"href":"https:\/\/nvnoticias.mx\/index.php\/wp-json\/wp\/v2\/comments?post=50152"}],"version-history":[{"count":2,"href":"https:\/\/nvnoticias.mx\/index.php\/wp-json\/wp\/v2\/posts\/50152\/revisions"}],"predecessor-version":[{"id":50154,"href":"https:\/\/nvnoticias.mx\/index.php\/wp-json\/wp\/v2\/posts\/50152\/revisions\/50154"}],"wp:featuredmedia":[{"embeddable":true,"href":"https:\/\/nvnoticias.mx\/index.php\/wp-json\/wp\/v2\/media\/7447"}],"wp:attachment":[{"href":"https:\/\/nvnoticias.mx\/index.php\/wp-json\/wp\/v2\/media?parent=50152"}],"wp:term":[{"taxonomy":"category","embeddable":true,"href":"https:\/\/nvnoticias.mx\/index.php\/wp-json\/wp\/v2\/categories?post=50152"},{"taxonomy":"post_tag","embeddable":true,"href":"https:\/\/nvnoticias.mx\/index.php\/wp-json\/wp\/v2\/tags?post=50152"}],"curies":[{"name":"wp","href":"https:\/\/api.w.org\/{rel}","templated":true}]}}