{"id":50124,"date":"2022-04-16T10:52:13","date_gmt":"2022-04-16T15:52:13","guid":{"rendered":"https:\/\/nvnoticias.mx\/?p=50124"},"modified":"2022-04-16T10:52:15","modified_gmt":"2022-04-16T15:52:15","slug":"llegan-a-la-cima-del-cerro-de-la-cruz-en-la-judea","status":"publish","type":"post","link":"https:\/\/nvnoticias.mx\/index.php\/2022\/04\/16\/llegan-a-la-cima-del-cerro-de-la-cruz-en-la-judea\/","title":{"rendered":"Llegan a la cima del Cerro de la Cruz en la Judea"},"content":{"rendered":"\n<p>Con devoci\u00f3n y fe, alrededor de cuatro mil personas asistieron a la edici\u00f3n 228 de la Judea en Vivo de San Mart\u00edn de las Flores, en San Pedro Tlaquepaque, que por tercer a\u00f1o consecutivo se realiz\u00f3 con restricciones por covid-19 y se transmiti\u00f3 en redes sociales. <\/p>\n\n\n\n<blockquote class=\"wp-block-quote is-layout-flow wp-block-quote-is-layout-flow\"><p> \u201cEsta Judea que fue virtual se rompieron todas las expectativas de una Judea, son cosas muy buenas y muy importantes, y todos los actores y toda la gente ha quedado muy conforme\u201d, expres\u00f3 Iv\u00e1n Alejo, quien por octava vez personific\u00f3 a Jesucristo. <\/p><\/blockquote>\n\n\n\n<p>Domitila D\u00edaz, una de las asistentes a la ceremonia, dijo que la Judea \u201ces una reflexi\u00f3n que cada a\u00f1o la esperamos con mucho fervor aparte de la alegr\u00eda es una satisfacci\u00f3n de seguir adelante y mantenernos as\u00ed unidos\u201d. <\/p>\n\n\n\n<p>Mientras que Luis Fernando Rivera, ministro tercero, consider\u00f3 que \u201cesta ocasi\u00f3n la experiencia fue un extra, fue sublime en comparaci\u00f3n con otras, a\u00f1o con a\u00f1o, tratamos de hacerlo m\u00e1s y mucho mejor lo mejor posible\u201d. <\/p>\n\n\n\n<p>Fuente: <a href=\"https:\/\/www.milenio.com\/politica\/comunidad\/judea-san-martin-2022-representacion-muerte-jesus\" data-type=\"URL\" data-id=\"https:\/\/www.milenio.com\/politica\/comunidad\/judea-san-martin-2022-representacion-muerte-jesus\">Milenio<\/a> <\/p>\n","protected":false},"excerpt":{"rendered":"<p>Con devoci\u00f3n y fe, alrededor de cuatro mil personas asistieron a la edici\u00f3n 228 de la Judea en Vivo de San Mart\u00edn de las Flores, en San Pedro Tlaquepaque, que por tercer a\u00f1o consecutivo se realiz\u00f3 con restricciones por covid-19 y se transmiti\u00f3 en redes sociales. \u201cEsta Judea que fue virtual se rompieron todas las [&hellip;]<\/p>\n","protected":false},"author":35,"featured_media":50127,"comment_status":"open","ping_status":"open","sticky":false,"template":"","format":"standard","meta":{"_monsterinsights_skip_tracking":false,"_monsterinsights_sitenote_active":false,"_monsterinsights_sitenote_note":"","_monsterinsights_sitenote_category":0,"footnotes":""},"categories":[157],"tags":[13491,13490,13492,9154],"class_list":["post-50124","post","type-post","status-publish","format-standard","has-post-thumbnail","hentry","category-nacional","tag-cerro-de-la-cruz","tag-cima","tag-judea","tag-llegan","wp-image-borders"],"amp_enabled":true,"_links":{"self":[{"href":"https:\/\/nvnoticias.mx\/index.php\/wp-json\/wp\/v2\/posts\/50124","targetHints":{"allow":["GET"]}}],"collection":[{"href":"https:\/\/nvnoticias.mx\/index.php\/wp-json\/wp\/v2\/posts"}],"about":[{"href":"https:\/\/nvnoticias.mx\/index.php\/wp-json\/wp\/v2\/types\/post"}],"author":[{"embeddable":true,"href":"https:\/\/nvnoticias.mx\/index.php\/wp-json\/wp\/v2\/users\/35"}],"replies":[{"embeddable":true,"href":"https:\/\/nvnoticias.mx\/index.php\/wp-json\/wp\/v2\/comments?post=50124"}],"version-history":[{"count":3,"href":"https:\/\/nvnoticias.mx\/index.php\/wp-json\/wp\/v2\/posts\/50124\/revisions"}],"predecessor-version":[{"id":50128,"href":"https:\/\/nvnoticias.mx\/index.php\/wp-json\/wp\/v2\/posts\/50124\/revisions\/50128"}],"wp:featuredmedia":[{"embeddable":true,"href":"https:\/\/nvnoticias.mx\/index.php\/wp-json\/wp\/v2\/media\/50127"}],"wp:attachment":[{"href":"https:\/\/nvnoticias.mx\/index.php\/wp-json\/wp\/v2\/media?parent=50124"}],"wp:term":[{"taxonomy":"category","embeddable":true,"href":"https:\/\/nvnoticias.mx\/index.php\/wp-json\/wp\/v2\/categories?post=50124"},{"taxonomy":"post_tag","embeddable":true,"href":"https:\/\/nvnoticias.mx\/index.php\/wp-json\/wp\/v2\/tags?post=50124"}],"curies":[{"name":"wp","href":"https:\/\/api.w.org\/{rel}","templated":true}]}}