{"id":50083,"date":"2022-04-16T09:39:30","date_gmt":"2022-04-16T14:39:30","guid":{"rendered":"https:\/\/nvnoticias.mx\/?p=50083"},"modified":"2022-04-16T09:39:31","modified_gmt":"2022-04-16T14:39:31","slug":"salio-segunda-caravana-migrante-de-tapachula-rumbo-a-la-cdmx","status":"publish","type":"post","link":"https:\/\/nvnoticias.mx\/index.php\/2022\/04\/16\/salio-segunda-caravana-migrante-de-tapachula-rumbo-a-la-cdmx\/","title":{"rendered":"Sali\u00f3 segunda caravana migrante de Tapachula rumbo a la CDMX"},"content":{"rendered":"\n<p>La segunda&nbsp;<strong>caravana migrante<\/strong>&nbsp;denominada<strong>&nbsp;Viacrucis Doloroso<\/strong>&nbsp;sali\u00f3 de Tapachula con medio millar de personas &nbsp;a la Ciudad de M\u00e9xico.<\/p>\n\n\n\n<p>En el contingente viajan en su mayor\u00eda migrantes provenientes de Venezuela, Cuba, Colombia y algunos centroamericanos.<\/p>\n\n\n\n<p>Antes de empezar la caminata, personal del Instituto Nacional de Migraci\u00f3n (INM) pidi\u00f3 a los extranjeros que se esperar\u00e1n para el d\u00eda lunes para ser atendidos, petici\u00f3n que fue rechazada por el contingente.<\/p>\n\n\n\n<p>El organizador de la caravana-viacrucis, Luis Rey Garc\u00eda Villagr\u00e1n dijo que en este contingente viajan familias que no pudieron pagarle al INM los documentos migratorios.<\/p>\n\n\n\n<p>Fuente: <a href=\"https:\/\/www.eluniversal.com.mx\/estados\/sale-segunda-caravana-migrante-de-tapachula-rumbo-la-cmdx\" data-type=\"URL\" data-id=\"https:\/\/www.eluniversal.com.mx\/estados\/sale-segunda-caravana-migrante-de-tapachula-rumbo-la-cmdx\">El Universal<\/a> <\/p>\n","protected":false},"excerpt":{"rendered":"<p>La segunda&nbsp;caravana migrante&nbsp;denominada&nbsp;Viacrucis Doloroso&nbsp;sali\u00f3 de Tapachula con medio millar de personas &nbsp;a la Ciudad de M\u00e9xico. En el contingente viajan en su mayor\u00eda migrantes provenientes de Venezuela, Cuba, Colombia y algunos centroamericanos. Antes de empezar la caminata, personal del Instituto Nacional de Migraci\u00f3n (INM) pidi\u00f3 a los extranjeros que se esperar\u00e1n para el d\u00eda lunes [&hellip;]<\/p>\n","protected":false},"author":35,"featured_media":28508,"comment_status":"open","ping_status":"open","sticky":false,"template":"","format":"standard","meta":{"_monsterinsights_skip_tracking":false,"_monsterinsights_sitenote_active":false,"_monsterinsights_sitenote_note":"","_monsterinsights_sitenote_category":0,"footnotes":""},"categories":[157],"tags":[1206,307,2040,7754,13261,9725,10740],"class_list":["post-50083","post","type-post","status-publish","format-standard","has-post-thumbnail","hentry","category-nacional","tag-caravana","tag-cdmx","tag-migrante","tag-rumbo","tag-salio","tag-segunda","tag-tapachula","wp-image-borders"],"amp_enabled":true,"_links":{"self":[{"href":"https:\/\/nvnoticias.mx\/index.php\/wp-json\/wp\/v2\/posts\/50083","targetHints":{"allow":["GET"]}}],"collection":[{"href":"https:\/\/nvnoticias.mx\/index.php\/wp-json\/wp\/v2\/posts"}],"about":[{"href":"https:\/\/nvnoticias.mx\/index.php\/wp-json\/wp\/v2\/types\/post"}],"author":[{"embeddable":true,"href":"https:\/\/nvnoticias.mx\/index.php\/wp-json\/wp\/v2\/users\/35"}],"replies":[{"embeddable":true,"href":"https:\/\/nvnoticias.mx\/index.php\/wp-json\/wp\/v2\/comments?post=50083"}],"version-history":[{"count":3,"href":"https:\/\/nvnoticias.mx\/index.php\/wp-json\/wp\/v2\/posts\/50083\/revisions"}],"predecessor-version":[{"id":50086,"href":"https:\/\/nvnoticias.mx\/index.php\/wp-json\/wp\/v2\/posts\/50083\/revisions\/50086"}],"wp:featuredmedia":[{"embeddable":true,"href":"https:\/\/nvnoticias.mx\/index.php\/wp-json\/wp\/v2\/media\/28508"}],"wp:attachment":[{"href":"https:\/\/nvnoticias.mx\/index.php\/wp-json\/wp\/v2\/media?parent=50083"}],"wp:term":[{"taxonomy":"category","embeddable":true,"href":"https:\/\/nvnoticias.mx\/index.php\/wp-json\/wp\/v2\/categories?post=50083"},{"taxonomy":"post_tag","embeddable":true,"href":"https:\/\/nvnoticias.mx\/index.php\/wp-json\/wp\/v2\/tags?post=50083"}],"curies":[{"name":"wp","href":"https:\/\/api.w.org\/{rel}","templated":true}]}}