{"id":5002,"date":"2021-02-18T08:10:29","date_gmt":"2021-02-18T14:10:29","guid":{"rendered":"https:\/\/nvnoticias.mx\/?p=5002"},"modified":"2021-02-18T08:11:10","modified_gmt":"2021-02-18T14:11:10","slug":"norte-veracruz-hasta-100","status":"publish","type":"post","link":"https:\/\/nvnoticias.mx\/index.php\/2021\/02\/18\/norte-veracruz-hasta-100\/","title":{"rendered":"Se espera norte en Veracruz de hasta 100 km\/hr"},"content":{"rendered":"\n<p><strong>Jes\u00fas Utrilla \/ NV Noticias<\/strong><\/p>\n\n\n\n<p>El Frente fr\u00edo No. 36 se mueve lentamente sobre la costa central y sur de Veracruz a partir de este jueves.<\/p>\n\n\n\n<p>Ocasiona el desarrollo de nubladlos, lluvias y descenso de la temperatura en el norte del estado.<\/p>\n\n\n\n<p>Se ir\u00e1 extendiendo al resto de Veracruz y a los estados de Tabasco y Campeche.<\/p>\n\n\n\n<p>Para la tarde- noche de este d\u00eda ocasionar\u00e1 un evento de Norte de fuerte a violento.<\/p>\n\n\n\n<p>Dicho evento de Norte propiciar\u00e1 rachas de 90 a 100 kil\u00f3metros por hora en zonas costeras del centro y sur de Veracruz, y se extender\u00e1 hasta la madrugada del viernes decreciendo durante la tarde-noche de este ultimo d\u00eda.<\/p>\n\n\n\n<p>En la zona monta\u00f1osa comprendida entre Misantla y Xalapa se esperan rachas que podr\u00edan alcanzar 60 kil\u00f3metros por hora.<\/p>\n\n\n\n<p>En la porci\u00f3n sur habr\u00e1 tormentas muy fuertes de 50 a 75 mil\u00edmetros a puntuales intensas de 75 a 150 mil\u00edmetros, durante este jueves y ma\u00f1ana viernes, especialmente en la regi\u00f3n de Los Tuxtlas y partes altas del Coatzacoalcos.<\/p>\n\n\n\n<p>El Frente fr\u00edo No. 36 alcanzar\u00e1 el occidente del Mar Caribe el d\u00eda viernes.<\/p>\n\n\n\n<p>Este sistema es impulsado por una masa de aire con caracter\u00edsticas polares que cubrir\u00e1 el oriente de la Rep\u00fablica Mexicana y Golfo de M\u00e9xico.<\/p>\n\n\n\n<p>Esta la masa de aire polar propiciar\u00e1 un marcado descenso de temperatura a partir del jueves, especialmente en las zonas serranas de la regi\u00f3n durante el transcurso de la noche y madrugada.<\/p>\n","protected":false},"excerpt":{"rendered":"<p>Para la tarde- noche de este d\u00eda ocasionar\u00e1 un evento de Norte de fuerte a violento.<\/p>\n","protected":false},"author":6,"featured_media":658,"comment_status":"open","ping_status":"open","sticky":false,"template":"","format":"standard","meta":{"_monsterinsights_skip_tracking":false,"_monsterinsights_sitenote_active":false,"_monsterinsights_sitenote_note":"","_monsterinsights_sitenote_category":0,"footnotes":""},"categories":[154],"tags":[267,162,180],"class_list":["post-5002","post","type-post","status-publish","format-standard","has-post-thumbnail","hentry","category-veracruz","tag-norte","tag-portada","tag-veracruz","wp-image-borders"],"amp_enabled":true,"_links":{"self":[{"href":"https:\/\/nvnoticias.mx\/index.php\/wp-json\/wp\/v2\/posts\/5002","targetHints":{"allow":["GET"]}}],"collection":[{"href":"https:\/\/nvnoticias.mx\/index.php\/wp-json\/wp\/v2\/posts"}],"about":[{"href":"https:\/\/nvnoticias.mx\/index.php\/wp-json\/wp\/v2\/types\/post"}],"author":[{"embeddable":true,"href":"https:\/\/nvnoticias.mx\/index.php\/wp-json\/wp\/v2\/users\/6"}],"replies":[{"embeddable":true,"href":"https:\/\/nvnoticias.mx\/index.php\/wp-json\/wp\/v2\/comments?post=5002"}],"version-history":[{"count":2,"href":"https:\/\/nvnoticias.mx\/index.php\/wp-json\/wp\/v2\/posts\/5002\/revisions"}],"predecessor-version":[{"id":5004,"href":"https:\/\/nvnoticias.mx\/index.php\/wp-json\/wp\/v2\/posts\/5002\/revisions\/5004"}],"wp:featuredmedia":[{"embeddable":true,"href":"https:\/\/nvnoticias.mx\/index.php\/wp-json\/wp\/v2\/media\/658"}],"wp:attachment":[{"href":"https:\/\/nvnoticias.mx\/index.php\/wp-json\/wp\/v2\/media?parent=5002"}],"wp:term":[{"taxonomy":"category","embeddable":true,"href":"https:\/\/nvnoticias.mx\/index.php\/wp-json\/wp\/v2\/categories?post=5002"},{"taxonomy":"post_tag","embeddable":true,"href":"https:\/\/nvnoticias.mx\/index.php\/wp-json\/wp\/v2\/tags?post=5002"}],"curies":[{"name":"wp","href":"https:\/\/api.w.org\/{rel}","templated":true}]}}