{"id":5000,"date":"2021-02-22T11:15:20","date_gmt":"2021-02-22T17:15:20","guid":{"rendered":"https:\/\/nvnoticias.mx\/?p=5000"},"modified":"2021-02-22T13:09:40","modified_gmt":"2021-02-22T19:09:40","slug":"pensamientos-de-nadie-lo-fugaz-del-tiempo","status":"publish","type":"post","link":"https:\/\/nvnoticias.mx\/index.php\/2021\/02\/22\/pensamientos-de-nadie-lo-fugaz-del-tiempo\/","title":{"rendered":"Pensamientos de nadie; &#8220;Lo fugaz del tiempo&#8221;"},"content":{"rendered":"\n<p>No es un secreto para muchos, que nuestro tiempo en este mundo es muy limitado, a veces, el de algunos es m\u00e1s corto que el de otros por diferentes problem\u00e1ticas que se van desarrollando conforme el transcurso de nuestras vidas, ya sea por nuestra culpa o por eventos totalmente ajenos a nuestro control. <\/p>\n\n\n\n<p><strong>\u00bfA qu\u00e9 se quiere llegar en este texto tan corto?<\/strong><\/p>\n\n\n\n<p>Compartir el poco conocimiento de la vida, actualmente las nuevas generaciones no nos damos cuenta que estamos perdiendo el tiempo, no lo aprovechamos como deber\u00edamos, nos dejamos llevar por el ocio, los placeres fugaces y una gran repentina cepa de depresiones e inseguridades auto fabricadas que nos complican la vida sin motivo alguno. Esto \u00faltimo es dirigido a esas personas que lo tienen todo y no lo aprovechan, cuando menos se lo esperen lo perder\u00e1n y no sabr\u00e1n que los golpeo&#8230; Aunque probablemente este texto no les diga nada, ya que para entender algo a la perfecci\u00f3n lamentablemente hay que experimentarlo, as\u00ed se rige normalmente la mente, no hacemos caso de que hay una pared enfrente nuestra hasta que nos golpeamos con la misma y luego nos indignamos diciendo &#8220;\u00bfPor qu\u00e9 no me avisaron que estaba esto aqu\u00ed?&#8221;.<\/p>\n\n\n\n<p><strong>\u00bfPor qu\u00e9 no deber\u00eda de frustrarme de que algo me salga mal?<\/strong><\/p>\n\n\n\n<p>La b\u00fasqueda del perfeccionismo es algo com\u00fan en nuestro ser, lamentablemente no hay nada m\u00e1s lejano a un &#8220;ser perfecto&#8221; o hasta donde se tiene en cuenta. S\u00ed, es importante mejorar, pero m\u00e1s importante es disfrutar el camino que estas tomando, por que una vez que termines lo que tanto has anhelado solo te quedar\u00e1 el resultado de tanto esfuerzo y las experiencias pasadas, tanto amargas como positivas. <\/p>\n\n\n\n<p>Sin embargo, hay algo que \u00faltimamente se puede tener muy descontrolado por la cantidad de facilidades que se han desarrollado conforme el tiempo y es la falta de sentido, y s\u00ed, creo que se podr\u00eda hablar por todos o un gran n\u00famero de personas que hay momentos en los cuales no encuentras sentido a algo o incluso a tu vida y solo empiezas a hundirte en un hoyo profundo del cual no logras salir, ya que dejaste la pala afuera del agujero que cavaste, por lo que te quedas esperando a un pr\u00edncipe azul o una princesa que te tire una soga para salir de ah\u00ed y cuando menos te lo esperas te vuelven a empujar o te tropiezas devuelta en el hueco. <\/p>\n\n\n\n<p>Esto \u00faltimo es una met\u00e1fora, dejar todo tu sentido de la vida conforme a una persona no es malo, pero tampoco saludable, por otro lado el sentido de la vida te lo tienes que dar tu, por algo tenemos un &#8220;libre albedr\u00edo&#8221; aunque a veces parece que las cosas ya est\u00e1n planificadas desde que naciste \u00bfNo has tenido nunca esa sensaci\u00f3n de estar en manos de algo o alguien?, es extra\u00f1o pero divertido ese pensamiento de poder ser parte de algo m\u00e1s, como una pel\u00edcula o una serie de ciencia ficci\u00f3n, a pesar de que suene surrealista podr\u00eda pasar algo en lo que tu puedas ayudar, ya sea en tu trabajo, en tu hogar o simplemente en un d\u00eda com\u00fan.<\/p>\n\n\n\n<p><strong>Dando por terminado esta corta opini\u00f3n del mundo actual, junto con una reflexi\u00f3n que nadie pidi\u00f3 se te da una recomendaci\u00f3n&#8230; aunque suene m\u00e1s f\u00e1cil de lo que lo es, practica, aprende, ayuda y ay\u00fadate a ser alguien mejor que el que eras ayer.<\/strong><\/p>\n\n\n\n<p class=\"has-text-align-right\">Alfredo S\u00e1nchez Jr \/ NV Noticias<\/p>\n","protected":false},"excerpt":{"rendered":"<p>No es un secreto para muchos, que nuestro tiempo en este mundo es muy limitado, a veces, el de algunos es m\u00e1s corto que el de otros por diferentes problem\u00e1ticas que se van desarrollando conforme el transcurso de nuestras vidas, ya sea por nuestra culpa o por eventos totalmente ajenos a nuestro control. \u00bfA qu\u00e9 [&hellip;]<\/p>\n","protected":false},"author":8,"featured_media":5372,"comment_status":"open","ping_status":"open","sticky":false,"template":"","format":"standard","meta":{"_monsterinsights_skip_tracking":false,"_monsterinsights_sitenote_active":false,"_monsterinsights_sitenote_note":"","_monsterinsights_sitenote_category":0,"footnotes":""},"categories":[350],"tags":[349,501],"class_list":["post-5000","post","type-post","status-publish","format-standard","has-post-thumbnail","hentry","category-va-que-va","tag-alfredo-sanchez-jr","tag-va-que-va","wp-image-borders"],"amp_enabled":true,"_links":{"self":[{"href":"https:\/\/nvnoticias.mx\/index.php\/wp-json\/wp\/v2\/posts\/5000","targetHints":{"allow":["GET"]}}],"collection":[{"href":"https:\/\/nvnoticias.mx\/index.php\/wp-json\/wp\/v2\/posts"}],"about":[{"href":"https:\/\/nvnoticias.mx\/index.php\/wp-json\/wp\/v2\/types\/post"}],"author":[{"embeddable":true,"href":"https:\/\/nvnoticias.mx\/index.php\/wp-json\/wp\/v2\/users\/8"}],"replies":[{"embeddable":true,"href":"https:\/\/nvnoticias.mx\/index.php\/wp-json\/wp\/v2\/comments?post=5000"}],"version-history":[{"count":7,"href":"https:\/\/nvnoticias.mx\/index.php\/wp-json\/wp\/v2\/posts\/5000\/revisions"}],"predecessor-version":[{"id":5412,"href":"https:\/\/nvnoticias.mx\/index.php\/wp-json\/wp\/v2\/posts\/5000\/revisions\/5412"}],"wp:featuredmedia":[{"embeddable":true,"href":"https:\/\/nvnoticias.mx\/index.php\/wp-json\/wp\/v2\/media\/5372"}],"wp:attachment":[{"href":"https:\/\/nvnoticias.mx\/index.php\/wp-json\/wp\/v2\/media?parent=5000"}],"wp:term":[{"taxonomy":"category","embeddable":true,"href":"https:\/\/nvnoticias.mx\/index.php\/wp-json\/wp\/v2\/categories?post=5000"},{"taxonomy":"post_tag","embeddable":true,"href":"https:\/\/nvnoticias.mx\/index.php\/wp-json\/wp\/v2\/tags?post=5000"}],"curies":[{"name":"wp","href":"https:\/\/api.w.org\/{rel}","templated":true}]}}