{"id":49944,"date":"2022-04-14T16:22:45","date_gmt":"2022-04-14T21:22:45","guid":{"rendered":"https:\/\/nvnoticias.mx\/?p=49944"},"modified":"2022-04-14T16:22:46","modified_gmt":"2022-04-14T21:22:46","slug":"tendra-xalapa-comision-edilicia-para-atender-a-poblacion-de-talla-baja","status":"publish","type":"post","link":"https:\/\/nvnoticias.mx\/index.php\/2022\/04\/14\/tendra-xalapa-comision-edilicia-para-atender-a-poblacion-de-talla-baja\/","title":{"rendered":"Tendr\u00e1 Xalapa Comisi\u00f3n Edilicia para atender a poblaci\u00f3n de talla baja"},"content":{"rendered":"\n<p>Xalapa, Ver.- Para la generaci\u00f3n de pol\u00edticas p\u00fablicas especializadas y la integraci\u00f3n de un comit\u00e9 ciudadano, se enviar\u00e1 a Cabildo la propuesta para crear una Comisi\u00f3n Edilicia que atienda a la poblaci\u00f3n de talla baja, dio a conocer el presidente municipal Ricardo Ahued Bardahuil.<\/p>\n\n\n\n<p>Durante una reuni\u00f3n con participantes en el Primer Congreso Nacional Somos Peque\u00f1os, el Edil dijo que Xalapa cuenta con un Ayuntamiento que trabaja de forma cercana en favor de los temas relacionados con la convivencia arm\u00f3nica de todas y todos.<\/p>\n\n\n\n<p>A\u00f1adi\u00f3 que la gente peque\u00f1a son de las m\u00e1s grandes personas que existen, pues la grandeza del ser humano se mide en el coraz\u00f3n y no en la estatura; en sus actos, su \u00e1nimo, su esfuerzo y dignidad, \u201ctal y como ustedes lo han demostrado\u201d.<\/p>\n\n\n\n<p>El presidente de la Asociaci\u00f3n Civil \u201cSomos Peque\u00f1os Veracruz\u201d, Jacob Zayas Garc\u00eda, agradeci\u00f3 el apoyo recibido por parte del Ayuntamiento para trasladar a los participantes hasta la capital de la entidad, con el fin de que pudieran participar e informarse sobre su condici\u00f3n sin afectar su econom\u00eda.<\/p>\n\n\n\n<p>Detall\u00f3 que durante tres d\u00edas, el Primer Congreso Nacional Somos Peque\u00f1os reunir\u00e1 en Xalapa a m\u00e1s de 70 personas peque\u00f1as provenientes de 32 municipios de los estados de Oaxaca, Jalisco, Puebla y Estado de M\u00e9xico, con eventos en sedes como la Iniciativa Municipal de Arte y Cultura (IMAC), la Plaza Xanat, el Congreso del Estado y el Centro Recreativo Xalape\u00f1o (CRX).<\/p>\n","protected":false},"excerpt":{"rendered":"<p>Xalapa, Ver.- Para la generaci\u00f3n de pol\u00edticas p\u00fablicas especializadas y la integraci\u00f3n de un comit\u00e9 ciudadano, se enviar\u00e1 a Cabildo la propuesta para crear una Comisi\u00f3n Edilicia que atienda a la poblaci\u00f3n de talla baja, dio a conocer el presidente municipal Ricardo Ahued Bardahuil. Durante una reuni\u00f3n con participantes en el Primer Congreso Nacional Somos [&hellip;]<\/p>\n","protected":false},"author":6,"featured_media":49947,"comment_status":"open","ping_status":"open","sticky":false,"template":"","format":"standard","meta":{"_monsterinsights_skip_tracking":false,"_monsterinsights_sitenote_active":false,"_monsterinsights_sitenote_note":"","_monsterinsights_sitenote_category":0,"footnotes":""},"categories":[156],"tags":[312],"class_list":["post-49944","post","type-post","status-publish","format-standard","has-post-thumbnail","hentry","category-estado","tag-xalapa","wp-image-borders"],"amp_enabled":true,"_links":{"self":[{"href":"https:\/\/nvnoticias.mx\/index.php\/wp-json\/wp\/v2\/posts\/49944","targetHints":{"allow":["GET"]}}],"collection":[{"href":"https:\/\/nvnoticias.mx\/index.php\/wp-json\/wp\/v2\/posts"}],"about":[{"href":"https:\/\/nvnoticias.mx\/index.php\/wp-json\/wp\/v2\/types\/post"}],"author":[{"embeddable":true,"href":"https:\/\/nvnoticias.mx\/index.php\/wp-json\/wp\/v2\/users\/6"}],"replies":[{"embeddable":true,"href":"https:\/\/nvnoticias.mx\/index.php\/wp-json\/wp\/v2\/comments?post=49944"}],"version-history":[{"count":1,"href":"https:\/\/nvnoticias.mx\/index.php\/wp-json\/wp\/v2\/posts\/49944\/revisions"}],"predecessor-version":[{"id":49949,"href":"https:\/\/nvnoticias.mx\/index.php\/wp-json\/wp\/v2\/posts\/49944\/revisions\/49949"}],"wp:featuredmedia":[{"embeddable":true,"href":"https:\/\/nvnoticias.mx\/index.php\/wp-json\/wp\/v2\/media\/49947"}],"wp:attachment":[{"href":"https:\/\/nvnoticias.mx\/index.php\/wp-json\/wp\/v2\/media?parent=49944"}],"wp:term":[{"taxonomy":"category","embeddable":true,"href":"https:\/\/nvnoticias.mx\/index.php\/wp-json\/wp\/v2\/categories?post=49944"},{"taxonomy":"post_tag","embeddable":true,"href":"https:\/\/nvnoticias.mx\/index.php\/wp-json\/wp\/v2\/tags?post=49944"}],"curies":[{"name":"wp","href":"https:\/\/api.w.org\/{rel}","templated":true}]}}