{"id":49925,"date":"2022-04-14T14:17:05","date_gmt":"2022-04-14T19:17:05","guid":{"rendered":"https:\/\/nvnoticias.mx\/?p=49925"},"modified":"2022-04-14T14:17:07","modified_gmt":"2022-04-14T19:17:07","slug":"reinicia-actividades-parque-acuatico-de-los-lagos","status":"publish","type":"post","link":"https:\/\/nvnoticias.mx\/index.php\/2022\/04\/14\/reinicia-actividades-parque-acuatico-de-los-lagos\/","title":{"rendered":"Reinicia actividades parque acu\u00e1tico de Los Lagos"},"content":{"rendered":"\n<p>*El ingreso deber\u00e1 ser siempre bajo la supervisi\u00f3n de un adulto<\/p>\n\n\n\n<p>Xalapa, Ver.- Para brindar un espacio m\u00e1s de esparcimiento durante este periodo vacacional de Semana Santa, el Ayuntamiento, a trav\u00e9s de la Direcci\u00f3n de Medio Ambiente, anunci\u00f3 la reapertura del parque acu\u00e1tico, atracci\u00f3n dedicada a ni\u00f1as y ni\u00f1os en el Paseo de Los Lagos.<\/p>\n\n\n\n<p>La titular del \u00e1rea, Ana Isabel Guevara, inform\u00f3 que el parque abrir\u00e1 de jueves a domingo de 10:00 a 18:00 horas, tras una rehabilitaci\u00f3n integral con pintura y mantenimiento de los sistemas hidr\u00e1ulicos.<\/p>\n\n\n\n<p>Detall\u00f3 que existe un reglamento que se debe respetar para evitar incidentes; para ello se cuenta con tres personas encargadas de monitorear la actividad de las y los ni\u00f1os, quienes \u00fanicamente pueden acceder bajo la vigilancia de alg\u00fan adulto responsable.<\/p>\n\n\n\n<p>De acuerdo con la funcionaria, parte de las reglas de seguridad es ingresar al espacio con zapatos o calcetas antiderrapantes.<\/p>\n\n\n\n<p>A\u00f1adi\u00f3 que el agua utilizada se obtiene del nacimiento de agua ubicado en el parque Los Tecajetes y ser\u00e1 reutilizada y tratada para evitar el desperdicio.<\/p>\n\n\n\n<figure class=\"wp-block-gallery columns-3 is-cropped wp-block-gallery-1 is-layout-flex wp-block-gallery-is-layout-flex\"><ul class=\"blocks-gallery-grid\"><li class=\"blocks-gallery-item\"><figure><img loading=\"lazy\" decoding=\"async\" width=\"1024\" height=\"684\" src=\"https:\/\/nvnoticias.mx\/wp-content\/uploads\/2022\/04\/IMG-20220414-WA0016-1024x684.jpg\" alt=\"\" data-id=\"49929\" data-full-url=\"https:\/\/nvnoticias.mx\/wp-content\/uploads\/2022\/04\/IMG-20220414-WA0016.jpg\" data-link=\"https:\/\/nvnoticias.mx\/?attachment_id=49929\" class=\"wp-image-49929\" srcset=\"https:\/\/nvnoticias.mx\/wp-content\/uploads\/2022\/04\/IMG-20220414-WA0016-1024x684.jpg 1024w, https:\/\/nvnoticias.mx\/wp-content\/uploads\/2022\/04\/IMG-20220414-WA0016-300x200.jpg 300w, https:\/\/nvnoticias.mx\/wp-content\/uploads\/2022\/04\/IMG-20220414-WA0016-768x513.jpg 768w, https:\/\/nvnoticias.mx\/wp-content\/uploads\/2022\/04\/IMG-20220414-WA0016-1536x1025.jpg 1536w, https:\/\/nvnoticias.mx\/wp-content\/uploads\/2022\/04\/IMG-20220414-WA0016.jpg 1600w\" sizes=\"auto, (max-width: 1024px) 100vw, 1024px\" \/><\/figure><\/li><li class=\"blocks-gallery-item\"><figure><img loading=\"lazy\" decoding=\"async\" width=\"1024\" height=\"684\" src=\"https:\/\/nvnoticias.mx\/wp-content\/uploads\/2022\/04\/IMG-20220414-WA0017-1024x684.jpg\" alt=\"\" data-id=\"49930\" data-full-url=\"https:\/\/nvnoticias.mx\/wp-content\/uploads\/2022\/04\/IMG-20220414-WA0017.jpg\" data-link=\"https:\/\/nvnoticias.mx\/?attachment_id=49930\" class=\"wp-image-49930\" srcset=\"https:\/\/nvnoticias.mx\/wp-content\/uploads\/2022\/04\/IMG-20220414-WA0017-1024x684.jpg 1024w, https:\/\/nvnoticias.mx\/wp-content\/uploads\/2022\/04\/IMG-20220414-WA0017-300x200.jpg 300w, https:\/\/nvnoticias.mx\/wp-content\/uploads\/2022\/04\/IMG-20220414-WA0017-768x513.jpg 768w, https:\/\/nvnoticias.mx\/wp-content\/uploads\/2022\/04\/IMG-20220414-WA0017-1536x1025.jpg 1536w, https:\/\/nvnoticias.mx\/wp-content\/uploads\/2022\/04\/IMG-20220414-WA0017.jpg 1600w\" sizes=\"auto, (max-width: 1024px) 100vw, 1024px\" \/><\/figure><\/li><li class=\"blocks-gallery-item\"><figure><img loading=\"lazy\" decoding=\"async\" width=\"1024\" height=\"684\" src=\"https:\/\/nvnoticias.mx\/wp-content\/uploads\/2022\/04\/IMG-20220414-WA0013-1024x684.jpg\" alt=\"\" data-id=\"49927\" data-full-url=\"https:\/\/nvnoticias.mx\/wp-content\/uploads\/2022\/04\/IMG-20220414-WA0013.jpg\" data-link=\"https:\/\/nvnoticias.mx\/?attachment_id=49927\" class=\"wp-image-49927\" srcset=\"https:\/\/nvnoticias.mx\/wp-content\/uploads\/2022\/04\/IMG-20220414-WA0013-1024x684.jpg 1024w, https:\/\/nvnoticias.mx\/wp-content\/uploads\/2022\/04\/IMG-20220414-WA0013-300x200.jpg 300w, https:\/\/nvnoticias.mx\/wp-content\/uploads\/2022\/04\/IMG-20220414-WA0013-768x513.jpg 768w, https:\/\/nvnoticias.mx\/wp-content\/uploads\/2022\/04\/IMG-20220414-WA0013-1536x1025.jpg 1536w, https:\/\/nvnoticias.mx\/wp-content\/uploads\/2022\/04\/IMG-20220414-WA0013.jpg 1600w\" sizes=\"auto, (max-width: 1024px) 100vw, 1024px\" \/><\/figure><\/li><li class=\"blocks-gallery-item\"><figure><img loading=\"lazy\" decoding=\"async\" width=\"1024\" height=\"684\" src=\"https:\/\/nvnoticias.mx\/wp-content\/uploads\/2022\/04\/IMG-20220414-WA0014-1024x684.jpg\" alt=\"\" data-id=\"49928\" data-full-url=\"https:\/\/nvnoticias.mx\/wp-content\/uploads\/2022\/04\/IMG-20220414-WA0014.jpg\" data-link=\"https:\/\/nvnoticias.mx\/?attachment_id=49928\" class=\"wp-image-49928\" srcset=\"https:\/\/nvnoticias.mx\/wp-content\/uploads\/2022\/04\/IMG-20220414-WA0014-1024x684.jpg 1024w, https:\/\/nvnoticias.mx\/wp-content\/uploads\/2022\/04\/IMG-20220414-WA0014-300x200.jpg 300w, https:\/\/nvnoticias.mx\/wp-content\/uploads\/2022\/04\/IMG-20220414-WA0014-768x513.jpg 768w, https:\/\/nvnoticias.mx\/wp-content\/uploads\/2022\/04\/IMG-20220414-WA0014-1536x1025.jpg 1536w, https:\/\/nvnoticias.mx\/wp-content\/uploads\/2022\/04\/IMG-20220414-WA0014.jpg 1600w\" sizes=\"auto, (max-width: 1024px) 100vw, 1024px\" \/><\/figure><\/li><\/ul><\/figure>\n","protected":false},"excerpt":{"rendered":"<p>*El ingreso deber\u00e1 ser siempre bajo la supervisi\u00f3n de un adulto Xalapa, Ver.- Para brindar un espacio m\u00e1s de esparcimiento durante este periodo vacacional de Semana Santa, el Ayuntamiento, a trav\u00e9s de la Direcci\u00f3n de Medio Ambiente, anunci\u00f3 la reapertura del parque acu\u00e1tico, atracci\u00f3n dedicada a ni\u00f1as y ni\u00f1os en el Paseo de Los Lagos. [&hellip;]<\/p>\n","protected":false},"author":6,"featured_media":49926,"comment_status":"open","ping_status":"open","sticky":false,"template":"","format":"standard","meta":{"_monsterinsights_skip_tracking":false,"_monsterinsights_sitenote_active":false,"_monsterinsights_sitenote_note":"","_monsterinsights_sitenote_category":0,"footnotes":""},"categories":[156],"tags":[13401,1474,312],"class_list":["post-49925","post","type-post","status-publish","format-standard","has-post-thumbnail","hentry","category-estado","tag-los-lagos","tag-semana-santa","tag-xalapa","wp-image-borders"],"amp_enabled":true,"_links":{"self":[{"href":"https:\/\/nvnoticias.mx\/index.php\/wp-json\/wp\/v2\/posts\/49925","targetHints":{"allow":["GET"]}}],"collection":[{"href":"https:\/\/nvnoticias.mx\/index.php\/wp-json\/wp\/v2\/posts"}],"about":[{"href":"https:\/\/nvnoticias.mx\/index.php\/wp-json\/wp\/v2\/types\/post"}],"author":[{"embeddable":true,"href":"https:\/\/nvnoticias.mx\/index.php\/wp-json\/wp\/v2\/users\/6"}],"replies":[{"embeddable":true,"href":"https:\/\/nvnoticias.mx\/index.php\/wp-json\/wp\/v2\/comments?post=49925"}],"version-history":[{"count":1,"href":"https:\/\/nvnoticias.mx\/index.php\/wp-json\/wp\/v2\/posts\/49925\/revisions"}],"predecessor-version":[{"id":49931,"href":"https:\/\/nvnoticias.mx\/index.php\/wp-json\/wp\/v2\/posts\/49925\/revisions\/49931"}],"wp:featuredmedia":[{"embeddable":true,"href":"https:\/\/nvnoticias.mx\/index.php\/wp-json\/wp\/v2\/media\/49926"}],"wp:attachment":[{"href":"https:\/\/nvnoticias.mx\/index.php\/wp-json\/wp\/v2\/media?parent=49925"}],"wp:term":[{"taxonomy":"category","embeddable":true,"href":"https:\/\/nvnoticias.mx\/index.php\/wp-json\/wp\/v2\/categories?post=49925"},{"taxonomy":"post_tag","embeddable":true,"href":"https:\/\/nvnoticias.mx\/index.php\/wp-json\/wp\/v2\/tags?post=49925"}],"curies":[{"name":"wp","href":"https:\/\/api.w.org\/{rel}","templated":true}]}}