{"id":49882,"date":"2022-04-14T11:07:57","date_gmt":"2022-04-14T16:07:57","guid":{"rendered":"https:\/\/nvnoticias.mx\/?p=49882"},"modified":"2022-04-14T11:07:59","modified_gmt":"2022-04-14T16:07:59","slug":"vinculan-a-proceso-a-ex-secretaria-de-salud-de-slp","status":"publish","type":"post","link":"https:\/\/nvnoticias.mx\/index.php\/2022\/04\/14\/vinculan-a-proceso-a-ex-secretaria-de-salud-de-slp\/","title":{"rendered":"Vinculan a proceso a ex secretaria de Salud de SLP"},"content":{"rendered":"\n<p>La ex secretaria de Salud P\u00fablica de San Luis Potos\u00ed, M\u00f3nica Rangel, fue vinculada a proceso durante la audiencia inicial en el Centro de Justicia Penal en San Luis Potos\u00ed. <\/p>\n\n\n\n<p>El juez de Control decret\u00f3 la prisi\u00f3n preventiva oficiosa y fij\u00f3 un plazo de tres meses para la investigaci\u00f3n complementaria. La audiencia inicial concluy\u00f3 a las 22 horas con 40 minutos.  <\/p>\n\n\n\n<p>La ex candidata a la gubernatura por Morena enfrenta imputaciones por los presuntos delitos de uso abusivo de la funci\u00f3n p\u00fablica, asociaci\u00f3n delictuosa y fraude por 22 millones de pesos y de resultar culpable, podr\u00eda alcanzar una sentencia de hasta 27 a\u00f1os de prisi\u00f3n o m\u00e1s, como anticip\u00f3 el fiscal Jos\u00e9 Luis Ruiz Contreras. <\/p>\n\n\n\n<p>La defensa de M\u00f3nica Rangel solicit\u00f3 al juez la prisi\u00f3n domiciliaria, al informar que se encuentra en tratamiento por un padecimiento de c\u00e1ncer, pero no pudo probar la gravedad de la enfermedad por lo que permanecer\u00e1 recluida en el penal de La Pila hasta el t\u00e9rmino del plazo de la investigaci\u00f3n complementaria. <\/p>\n\n\n\n<p>El fiscal general Jos\u00e9 Luis Ruiz Contreras inform\u00f3 que la imputada fue trasladada en ambulancia despu\u00e9s de que se cumpliment\u00f3 la orden de aprehensi\u00f3n en el Estado de M\u00e9xico, derivado de su condici\u00f3n m\u00e9dica, despu\u00e9s de practicarse una cirug\u00eda ambulatoria el pasado s\u00e1bado 9 de abril. <\/p>\n\n\n\n<p>Dos personas m\u00e1s que fueron detenidas por estar relacionadas con los hechos delictivos que se le imputan a la ex funcionaria, tambi\u00e9n fueron vinculados a proceso y un tercero, solicit\u00f3 la duplicidad del t\u00e9rmino constitucional y la nueva audiencia de \u00e9ste se llevar\u00e1 a cabo el pr\u00f3ximo 18 de abril a las 09:00 horas. <\/p>\n\n\n\n<p>Fuente: <a href=\"https:\/\/www.milenio.com\/estados\/vinculan-proceso-monica-rangel-secretaria-salud-slp\">Milenio<\/a><\/p>\n","protected":false},"excerpt":{"rendered":"<p>La ex secretaria de Salud P\u00fablica de San Luis Potos\u00ed, M\u00f3nica Rangel, fue vinculada a proceso durante la audiencia inicial en el Centro de Justicia Penal en San Luis Potos\u00ed. El juez de Control decret\u00f3 la prisi\u00f3n preventiva oficiosa y fij\u00f3 un plazo de tres meses para la investigaci\u00f3n complementaria. La audiencia inicial concluy\u00f3 a [&hellip;]<\/p>\n","protected":false},"author":6,"featured_media":49885,"comment_status":"open","ping_status":"open","sticky":false,"template":"","format":"standard","meta":{"_monsterinsights_skip_tracking":false,"_monsterinsights_sitenote_active":false,"_monsterinsights_sitenote_note":"","_monsterinsights_sitenote_category":0,"footnotes":""},"categories":[158],"tags":[193,1411],"class_list":["post-49882","post","type-post","status-publish","format-standard","has-post-thumbnail","hentry","category-politica","tag-salud","tag-san-luis-potosi","wp-image-borders"],"amp_enabled":true,"_links":{"self":[{"href":"https:\/\/nvnoticias.mx\/index.php\/wp-json\/wp\/v2\/posts\/49882","targetHints":{"allow":["GET"]}}],"collection":[{"href":"https:\/\/nvnoticias.mx\/index.php\/wp-json\/wp\/v2\/posts"}],"about":[{"href":"https:\/\/nvnoticias.mx\/index.php\/wp-json\/wp\/v2\/types\/post"}],"author":[{"embeddable":true,"href":"https:\/\/nvnoticias.mx\/index.php\/wp-json\/wp\/v2\/users\/6"}],"replies":[{"embeddable":true,"href":"https:\/\/nvnoticias.mx\/index.php\/wp-json\/wp\/v2\/comments?post=49882"}],"version-history":[{"count":1,"href":"https:\/\/nvnoticias.mx\/index.php\/wp-json\/wp\/v2\/posts\/49882\/revisions"}],"predecessor-version":[{"id":49884,"href":"https:\/\/nvnoticias.mx\/index.php\/wp-json\/wp\/v2\/posts\/49882\/revisions\/49884"}],"wp:featuredmedia":[{"embeddable":true,"href":"https:\/\/nvnoticias.mx\/index.php\/wp-json\/wp\/v2\/media\/49885"}],"wp:attachment":[{"href":"https:\/\/nvnoticias.mx\/index.php\/wp-json\/wp\/v2\/media?parent=49882"}],"wp:term":[{"taxonomy":"category","embeddable":true,"href":"https:\/\/nvnoticias.mx\/index.php\/wp-json\/wp\/v2\/categories?post=49882"},{"taxonomy":"post_tag","embeddable":true,"href":"https:\/\/nvnoticias.mx\/index.php\/wp-json\/wp\/v2\/tags?post=49882"}],"curies":[{"name":"wp","href":"https:\/\/api.w.org\/{rel}","templated":true}]}}