{"id":49758,"date":"2022-04-13T16:03:40","date_gmt":"2022-04-13T21:03:40","guid":{"rendered":"https:\/\/nvnoticias.mx\/?p=49758"},"modified":"2022-04-13T16:03:42","modified_gmt":"2022-04-13T21:03:42","slug":"giran-20-ordenes-de-aprehension-por-violencia-en-la-corregidora","status":"publish","type":"post","link":"https:\/\/nvnoticias.mx\/index.php\/2022\/04\/13\/giran-20-ordenes-de-aprehension-por-violencia-en-la-corregidora\/","title":{"rendered":"Giran 20 \u00f3rdenes de aprehensi\u00f3n por violencia en la Corregidora"},"content":{"rendered":"\n<p>El gobernador\u00a0<strong>Mauricio Kuri Gonz\u00e1lez<\/strong>\u00a0inform\u00f3 que\u00a0se emitieron otras 20 \u00f3rdenes de aprehensi\u00f3n\u00a0por los hechos ocurridos el pasado 5 de marzo en el\u00a0<strong>estadio Corregidora<\/strong>.<\/p>\n\n\n\n<p>Durante un desayuno que tuvo con reporteros locales, el mandatario detall\u00f3 con<strong>\u00a0las nuevas \u00f3rdenes de aprehensi\u00f3n\u00a0<\/strong>giradas, ya son en total 59 las instrumentadas en contra de quienes participaron en la trifulca en la que participaron seguidores de los equipos de futbol Atlas y Quer\u00e9taro.<\/p>\n\n\n\n<p>Precis\u00f3 que de 59 \u00f3rdenes de aprehensi\u00f3n instrumentadas, ya se cumplimentaron 39 de ellas.<\/p>\n\n\n\n<p>El mandatario declar\u00f3 que la Fiscal\u00eda de Quer\u00e9taro ha pedido informaci\u00f3n a su similar de Jalisco, sobre 19 personas involucradas en estos hechos, sin embargo, no hay detenidos en aquella entidad.<\/p>\n\n\n\n<p>Fuente: <a href=\"https:\/\/www.eluniversal.com.mx\/estados\/giran-otras-20-ordenes-de-aprehension-por-violencia-en-el-estadio-corregidora\" data-type=\"URL\" data-id=\"https:\/\/www.eluniversal.com.mx\/estados\/giran-otras-20-ordenes-de-aprehension-por-violencia-en-el-estadio-corregidora\">El Universal<\/a> <\/p>\n","protected":false},"excerpt":{"rendered":"<p>El gobernador\u00a0Mauricio Kuri Gonz\u00e1lez\u00a0inform\u00f3 que\u00a0se emitieron otras 20 \u00f3rdenes de aprehensi\u00f3n\u00a0por los hechos ocurridos el pasado 5 de marzo en el\u00a0estadio Corregidora. Durante un desayuno que tuvo con reporteros locales, el mandatario detall\u00f3 con\u00a0las nuevas \u00f3rdenes de aprehensi\u00f3n\u00a0giradas, ya son en total 59 las instrumentadas en contra de quienes participaron en la trifulca en la [&hellip;]<\/p>\n","protected":false},"author":35,"featured_media":44259,"comment_status":"open","ping_status":"open","sticky":false,"template":"","format":"standard","meta":{"_monsterinsights_skip_tracking":false,"_monsterinsights_sitenote_active":false,"_monsterinsights_sitenote_note":"","_monsterinsights_sitenote_category":0,"footnotes":""},"categories":[157],"tags":[11485,13368,5546,203],"class_list":["post-49758","post","type-post","status-publish","format-standard","has-post-thumbnail","hentry","category-nacional","tag-corregidora","tag-giran","tag-ordenes-de-aprehension","tag-violencia","wp-image-borders"],"amp_enabled":true,"_links":{"self":[{"href":"https:\/\/nvnoticias.mx\/index.php\/wp-json\/wp\/v2\/posts\/49758","targetHints":{"allow":["GET"]}}],"collection":[{"href":"https:\/\/nvnoticias.mx\/index.php\/wp-json\/wp\/v2\/posts"}],"about":[{"href":"https:\/\/nvnoticias.mx\/index.php\/wp-json\/wp\/v2\/types\/post"}],"author":[{"embeddable":true,"href":"https:\/\/nvnoticias.mx\/index.php\/wp-json\/wp\/v2\/users\/35"}],"replies":[{"embeddable":true,"href":"https:\/\/nvnoticias.mx\/index.php\/wp-json\/wp\/v2\/comments?post=49758"}],"version-history":[{"count":4,"href":"https:\/\/nvnoticias.mx\/index.php\/wp-json\/wp\/v2\/posts\/49758\/revisions"}],"predecessor-version":[{"id":49762,"href":"https:\/\/nvnoticias.mx\/index.php\/wp-json\/wp\/v2\/posts\/49758\/revisions\/49762"}],"wp:featuredmedia":[{"embeddable":true,"href":"https:\/\/nvnoticias.mx\/index.php\/wp-json\/wp\/v2\/media\/44259"}],"wp:attachment":[{"href":"https:\/\/nvnoticias.mx\/index.php\/wp-json\/wp\/v2\/media?parent=49758"}],"wp:term":[{"taxonomy":"category","embeddable":true,"href":"https:\/\/nvnoticias.mx\/index.php\/wp-json\/wp\/v2\/categories?post=49758"},{"taxonomy":"post_tag","embeddable":true,"href":"https:\/\/nvnoticias.mx\/index.php\/wp-json\/wp\/v2\/tags?post=49758"}],"curies":[{"name":"wp","href":"https:\/\/api.w.org\/{rel}","templated":true}]}}