{"id":4973,"date":"2021-02-17T16:37:14","date_gmt":"2021-02-17T22:37:14","guid":{"rendered":"https:\/\/nvnoticias.mx\/?p=4973"},"modified":"2021-02-17T16:37:16","modified_gmt":"2021-02-17T22:37:16","slug":"restablece-la-cfe-suministro-electrico-al-100","status":"publish","type":"post","link":"https:\/\/nvnoticias.mx\/index.php\/2021\/02\/17\/restablece-la-cfe-suministro-electrico-al-100\/","title":{"rendered":"Restablece la CFE suministro el\u00e9ctrico al 100%"},"content":{"rendered":"\n<p>De acuerdo con la Comisi\u00f3n Federal de Electricidad (CFE) a las 14:00 horas de este mi\u00e9rcoles se restableci\u00f3 el suministro el\u00e9ctrico al 100 por ciento a los usuarios de los 29 estados afectados por los cortes controlados y programados para dar estabilidad el Sistema El\u00e9ctrico Nacional.<\/p>\n\n\n\n<figure class=\"wp-block-embed is-type-rich is-provider-twitter wp-block-embed-twitter\"><div class=\"wp-block-embed__wrapper\">\n<blockquote class=\"twitter-tweet\" data-width=\"550\" data-dnt=\"true\"><p lang=\"es\" dir=\"ltr\"><a href=\"https:\/\/twitter.com\/hashtag\/CFEInforma?src=hash&amp;ref_src=twsrc%5Etfw\">#CFEInforma<\/a> | A las 14:00 horas, qued\u00f3 restablecido al 100% el suministro el\u00e9ctrico a los usuarios de los estados afectados por los cortes controlados y programados para dar estabilidad el Sistema El\u00e9ctrico Nacional. <a href=\"https:\/\/t.co\/m5qHDKpgZU\">https:\/\/t.co\/m5qHDKpgZU<\/a> <a href=\"https:\/\/t.co\/PfdCgi8ptQ\">pic.twitter.com\/PfdCgi8ptQ<\/a><\/p>&mdash; CFEmx (@CFEmx) <a href=\"https:\/\/twitter.com\/CFEmx\/status\/1362147112683626497?ref_src=twsrc%5Etfw\">February 17, 2021<\/a><\/blockquote><script async src=\"https:\/\/platform.twitter.com\/widgets.js\" charset=\"utf-8\"><\/script>\n<\/div><\/figure>\n\n\n\n<p>Resalt\u00f3 que ha puesto a disposici\u00f3n del Cenace todas sus plantas de generaci\u00f3n para lograr el balance carga-generaci\u00f3n, con lo que se han disminuido los tiros de carga. Cabe recordar que este lunes se registr\u00f3 un mega apag\u00f3n en la zona norte del pa\u00eds, derivado del corte de suministro de gas natural que alimenta a las plantas generadores de ciclo combinado, debido a las bajas temperaturas registradas en Texas, Estados Unidos.<\/p>\n\n\n\n<p>Fuente. <a href=\"https:\/\/www.milenio.com\/negocios\/apagon-mexico-cfe-reestablece-servicio-luz-afectados\">Milenio<\/a><\/p>\n","protected":false},"excerpt":{"rendered":"<p>Resalt\u00f3 que ha puesto a disposici\u00f3n del Cenace todas sus plantas de generaci\u00f3n para lograr el balance carga-generaci\u00f3n<\/p>\n","protected":false},"author":6,"featured_media":4974,"comment_status":"open","ping_status":"open","sticky":false,"template":"","format":"standard","meta":{"_monsterinsights_skip_tracking":false,"_monsterinsights_sitenote_active":false,"_monsterinsights_sitenote_note":"","_monsterinsights_sitenote_category":0,"footnotes":""},"categories":[157],"tags":[821,1465,162],"class_list":["post-4973","post","type-post","status-publish","format-standard","has-post-thumbnail","hentry","category-nacional","tag-cfe","tag-electricidad","tag-portada","wp-image-borders"],"amp_enabled":true,"_links":{"self":[{"href":"https:\/\/nvnoticias.mx\/index.php\/wp-json\/wp\/v2\/posts\/4973","targetHints":{"allow":["GET"]}}],"collection":[{"href":"https:\/\/nvnoticias.mx\/index.php\/wp-json\/wp\/v2\/posts"}],"about":[{"href":"https:\/\/nvnoticias.mx\/index.php\/wp-json\/wp\/v2\/types\/post"}],"author":[{"embeddable":true,"href":"https:\/\/nvnoticias.mx\/index.php\/wp-json\/wp\/v2\/users\/6"}],"replies":[{"embeddable":true,"href":"https:\/\/nvnoticias.mx\/index.php\/wp-json\/wp\/v2\/comments?post=4973"}],"version-history":[{"count":1,"href":"https:\/\/nvnoticias.mx\/index.php\/wp-json\/wp\/v2\/posts\/4973\/revisions"}],"predecessor-version":[{"id":4975,"href":"https:\/\/nvnoticias.mx\/index.php\/wp-json\/wp\/v2\/posts\/4973\/revisions\/4975"}],"wp:featuredmedia":[{"embeddable":true,"href":"https:\/\/nvnoticias.mx\/index.php\/wp-json\/wp\/v2\/media\/4974"}],"wp:attachment":[{"href":"https:\/\/nvnoticias.mx\/index.php\/wp-json\/wp\/v2\/media?parent=4973"}],"wp:term":[{"taxonomy":"category","embeddable":true,"href":"https:\/\/nvnoticias.mx\/index.php\/wp-json\/wp\/v2\/categories?post=4973"},{"taxonomy":"post_tag","embeddable":true,"href":"https:\/\/nvnoticias.mx\/index.php\/wp-json\/wp\/v2\/tags?post=4973"}],"curies":[{"name":"wp","href":"https:\/\/api.w.org\/{rel}","templated":true}]}}