{"id":49714,"date":"2022-04-13T13:19:48","date_gmt":"2022-04-13T18:19:48","guid":{"rendered":"https:\/\/nvnoticias.mx\/?p=49714"},"modified":"2022-04-13T13:19:49","modified_gmt":"2022-04-13T18:19:49","slug":"puebla-llega-a-su-cuarto-dia-sin-muertes-por-covid-19","status":"publish","type":"post","link":"https:\/\/nvnoticias.mx\/index.php\/2022\/04\/13\/puebla-llega-a-su-cuarto-dia-sin-muertes-por-covid-19\/","title":{"rendered":"Puebla llega a su cuarto d\u00eda sin muertes por covid-19"},"content":{"rendered":"\n<p>Este mi\u00e9rcoles Puebla sum\u00f3 su cuarto d\u00eda consecutivo sin registrar defunciones asociadas al covid-19, la racha m\u00e1s larga en dos a\u00f1os de pandemia, inform\u00f3 Jos\u00e9 Antonio Mart\u00ednez Garc\u00eda, titular de la Secretar\u00eda de Salud (Ssa) estatal, quien resalt\u00f3 que el acumulado se mantuvo en 17 mil 124 muertes. <\/p>\n\n\n\n<p>El funcionario coment\u00f3 en conferencia de prensa que en las 24 horas m\u00e1s recientes hubo reporte de 7 contagios, para un total de 156 mil 530 casos positivos en 251 mil 157 pruebas de laboratorio realizadas en el estado, con tasa de positividad del 62.32 por ciento. <\/p>\n\n\n\n<p>Precis\u00f3 que 31 de 217 municipios concentran los 264 casos activos que hay en el estado, con 221 pacientes ambulatorios y 43 hospitalizados, de los cuales, 11 est\u00e1n graves y requieren asistencia de un ventilador mec\u00e1nico para continuar con su tratamiento. <\/p>\n\n\n\n<p>A\u00f1adi\u00f3 que 16 personas fueron internadas en cl\u00ednicas de la Ssa, con 6 de ellas graves; 13 en el Issstep, 2 graves; 6 en el Hospital Universitario, 1 grave; 3 en el IMSS, 1 grave; 3 en el Issste, ninguna grave; y 2 en cl\u00ednicas privadas, 1 grave. <\/p>\n\n\n\n<p>Fuente: <a href=\"https:\/\/www.milenio.com\/ciencia-y-salud\/covid-19-puebla-suma-cuatro-dias-sin-muertes-por-coronavirus\">Milenio<\/a><\/p>\n","protected":false},"excerpt":{"rendered":"<p>Este mi\u00e9rcoles Puebla sum\u00f3 su cuarto d\u00eda consecutivo sin registrar defunciones asociadas al covid-19, la racha m\u00e1s larga en dos a\u00f1os de pandemia, inform\u00f3 Jos\u00e9 Antonio Mart\u00ednez Garc\u00eda, titular de la Secretar\u00eda de Salud (Ssa) estatal, quien resalt\u00f3 que el acumulado se mantuvo en 17 mil 124 muertes. El funcionario coment\u00f3 en conferencia de prensa [&hellip;]<\/p>\n","protected":false},"author":8,"featured_media":24420,"comment_status":"open","ping_status":"open","sticky":false,"template":"","format":"standard","meta":{"_monsterinsights_skip_tracking":false,"_monsterinsights_sitenote_active":false,"_monsterinsights_sitenote_note":"","_monsterinsights_sitenote_category":0,"footnotes":""},"categories":[157],"tags":[175,488,480],"class_list":["post-49714","post","type-post","status-publish","format-standard","has-post-thumbnail","hentry","category-nacional","tag-covid-19","tag-muertes","tag-puebla","wp-image-borders"],"amp_enabled":true,"_links":{"self":[{"href":"https:\/\/nvnoticias.mx\/index.php\/wp-json\/wp\/v2\/posts\/49714","targetHints":{"allow":["GET"]}}],"collection":[{"href":"https:\/\/nvnoticias.mx\/index.php\/wp-json\/wp\/v2\/posts"}],"about":[{"href":"https:\/\/nvnoticias.mx\/index.php\/wp-json\/wp\/v2\/types\/post"}],"author":[{"embeddable":true,"href":"https:\/\/nvnoticias.mx\/index.php\/wp-json\/wp\/v2\/users\/8"}],"replies":[{"embeddable":true,"href":"https:\/\/nvnoticias.mx\/index.php\/wp-json\/wp\/v2\/comments?post=49714"}],"version-history":[{"count":1,"href":"https:\/\/nvnoticias.mx\/index.php\/wp-json\/wp\/v2\/posts\/49714\/revisions"}],"predecessor-version":[{"id":49715,"href":"https:\/\/nvnoticias.mx\/index.php\/wp-json\/wp\/v2\/posts\/49714\/revisions\/49715"}],"wp:featuredmedia":[{"embeddable":true,"href":"https:\/\/nvnoticias.mx\/index.php\/wp-json\/wp\/v2\/media\/24420"}],"wp:attachment":[{"href":"https:\/\/nvnoticias.mx\/index.php\/wp-json\/wp\/v2\/media?parent=49714"}],"wp:term":[{"taxonomy":"category","embeddable":true,"href":"https:\/\/nvnoticias.mx\/index.php\/wp-json\/wp\/v2\/categories?post=49714"},{"taxonomy":"post_tag","embeddable":true,"href":"https:\/\/nvnoticias.mx\/index.php\/wp-json\/wp\/v2\/tags?post=49714"}],"curies":[{"name":"wp","href":"https:\/\/api.w.org\/{rel}","templated":true}]}}