{"id":4971,"date":"2021-02-17T16:22:27","date_gmt":"2021-02-17T22:22:27","guid":{"rendered":"https:\/\/nvnoticias.mx\/?p=4971"},"modified":"2021-02-17T16:22:28","modified_gmt":"2021-02-17T22:22:28","slug":"titular-de-la-sedena-da-positivo-a-covid","status":"publish","type":"post","link":"https:\/\/nvnoticias.mx\/index.php\/2021\/02\/17\/titular-de-la-sedena-da-positivo-a-covid\/","title":{"rendered":"Titular de la Sedena da positivo a covid"},"content":{"rendered":"\n<p>M\u00e9xico.- La tarde de este mi\u00e9rcoles a trav\u00e9s de sus redes sociales el Secretario de la Defensa Nacional,\u00a0<strong>Luis Cresencio Sandoval Gonz\u00e1lez<\/strong>, anunci\u00f3 que dio positivo a Covid-19, por lo que atender\u00e1 sus funciones en aislamiento.<\/p>\n\n\n\n<figure class=\"wp-block-embed is-type-rich is-provider-twitter wp-block-embed-twitter\"><div class=\"wp-block-embed__wrapper\">\n<blockquote class=\"twitter-tweet\" data-width=\"550\" data-dnt=\"true\"><p lang=\"es\" dir=\"ltr\">Quiero informarles que el d\u00eda de hoy di positivo a la prueba de COVID-19; continuar\u00e9 con mis funciones aislado desde casa, bajo tratamiento m\u00e9dico y apoy\u00e1ndome en los funcionarios de <a href=\"https:\/\/twitter.com\/SEDENAmx?ref_src=twsrc%5Etfw\">@SEDENAmx<\/a> de conformidad a la cadena de mando, para seguir trabajando por el pueblo de M\u00e9xico.<\/p>&mdash; Luis Cresencio Sandoval Gonz\u00e1lez (@Luis_C_Sandoval) <a href=\"https:\/\/twitter.com\/Luis_C_Sandoval\/status\/1362124621726638083?ref_src=twsrc%5Etfw\">February 17, 2021<\/a><\/blockquote><script async src=\"https:\/\/platform.twitter.com\/widgets.js\" charset=\"utf-8\"><\/script>\n<\/div><\/figure>\n\n\n\n<p>Cabe recordar que el titular de la Sedena es el segundo funcionario del gabinete de seguridad que resulta positivo al coronavirus,\u00a0<strong>luego de Rosa Icela Rodr\u00edguez<\/strong>.<\/p>\n","protected":false},"excerpt":{"rendered":"<p>M\u00e9xico.- La tarde de este mi\u00e9rcoles a trav\u00e9s de sus redes sociales el Secretario de la Defensa Nacional,\u00a0Luis Cresencio Sandoval Gonz\u00e1lez, anunci\u00f3 que dio positivo a Covid-19, por lo que atender\u00e1 sus funciones en aislamiento. Cabe recordar que el titular de la Sedena es el segundo funcionario del gabinete de seguridad que resulta positivo al [&hellip;]<\/p>\n","protected":false},"author":6,"featured_media":2045,"comment_status":"open","ping_status":"open","sticky":false,"template":"","format":"standard","meta":{"_monsterinsights_skip_tracking":false,"_monsterinsights_sitenote_active":false,"_monsterinsights_sitenote_note":"","_monsterinsights_sitenote_category":0,"footnotes":""},"categories":[157],"tags":[175,1487,162,617],"class_list":["post-4971","post","type-post","status-publish","format-standard","has-post-thumbnail","hentry","category-nacional","tag-covid-19","tag-luis-cresencio","tag-portada","tag-sedena","wp-image-borders"],"amp_enabled":true,"_links":{"self":[{"href":"https:\/\/nvnoticias.mx\/index.php\/wp-json\/wp\/v2\/posts\/4971","targetHints":{"allow":["GET"]}}],"collection":[{"href":"https:\/\/nvnoticias.mx\/index.php\/wp-json\/wp\/v2\/posts"}],"about":[{"href":"https:\/\/nvnoticias.mx\/index.php\/wp-json\/wp\/v2\/types\/post"}],"author":[{"embeddable":true,"href":"https:\/\/nvnoticias.mx\/index.php\/wp-json\/wp\/v2\/users\/6"}],"replies":[{"embeddable":true,"href":"https:\/\/nvnoticias.mx\/index.php\/wp-json\/wp\/v2\/comments?post=4971"}],"version-history":[{"count":1,"href":"https:\/\/nvnoticias.mx\/index.php\/wp-json\/wp\/v2\/posts\/4971\/revisions"}],"predecessor-version":[{"id":4972,"href":"https:\/\/nvnoticias.mx\/index.php\/wp-json\/wp\/v2\/posts\/4971\/revisions\/4972"}],"wp:featuredmedia":[{"embeddable":true,"href":"https:\/\/nvnoticias.mx\/index.php\/wp-json\/wp\/v2\/media\/2045"}],"wp:attachment":[{"href":"https:\/\/nvnoticias.mx\/index.php\/wp-json\/wp\/v2\/media?parent=4971"}],"wp:term":[{"taxonomy":"category","embeddable":true,"href":"https:\/\/nvnoticias.mx\/index.php\/wp-json\/wp\/v2\/categories?post=4971"},{"taxonomy":"post_tag","embeddable":true,"href":"https:\/\/nvnoticias.mx\/index.php\/wp-json\/wp\/v2\/tags?post=4971"}],"curies":[{"name":"wp","href":"https:\/\/api.w.org\/{rel}","templated":true}]}}