{"id":49509,"date":"2022-04-12T13:38:52","date_gmt":"2022-04-12T18:38:52","guid":{"rendered":"https:\/\/nvnoticias.mx\/?p=49509"},"modified":"2022-04-12T13:38:53","modified_gmt":"2022-04-12T18:38:53","slug":"aseguran-que-no-hay-reporte-de-decesos-de-mexicanos-tras-tiroteo-en-ny","status":"publish","type":"post","link":"https:\/\/nvnoticias.mx\/index.php\/2022\/04\/12\/aseguran-que-no-hay-reporte-de-decesos-de-mexicanos-tras-tiroteo-en-ny\/","title":{"rendered":"Aseguran que no hay reporte de decesos de mexicanos tras tiroteo en NY"},"content":{"rendered":"\n<p>El c\u00f3nsul general de M\u00e9xico en Nueva York, Jorge Islas, inform\u00f3 que los primeros reportes indican que no hubo decesos de alg\u00fan connacional tras el tiroteo en una estaci\u00f3n del metro ocurrido en esa ciudad. <\/p>\n\n\n\n<p>A trav\u00e9s de sus redes sociales, el funcionario dio a conocer que se encontraba con el equipo de protecci\u00f3n en el lugar del incidente, y estar\u00eda pendiente para resolver cualquier duda al respeto mediante los canales de comunicaci\u00f3n oficiales. <\/p>\n\n\n\n<blockquote class=\"wp-block-quote is-layout-flow wp-block-quote-is-layout-flow\"><p>\u201cMe encuentro con el equipo de protecci\u00f3n en el lugar de los hechos. Por el momento no hay reporte de decesos de miembros de nuestra comunidad. Tenemos todos los canales de comunicaci\u00f3n abiertos para ofrecer todo el apoyo necesario. Seguiremos informando\u201d, escribi\u00f3.<\/p><\/blockquote>\n\n\n\n<p> Esta ma\u00f1ana, al menos cinco personas fueron baleadas en una estaci\u00f3n en Brooklyn, Nueva York, seg\u00fan inform\u00f3 el departamento de bomberos de la ciudad. Los bomberos acudieron a la estaci\u00f3n 36th Street por reportes de humo y encontraron varias personas heridas, as\u00ed como dispositivos sin detonar. La polic\u00eda de la ciudad se\u00f1al\u00f3 que estaban respondiendo a informes de personas heridas por disparos o una explosi\u00f3n. <\/p>\n\n\n\n<blockquote class=\"twitter-tweet\"><p lang=\"es\" dir=\"ltr\">Me encuentro con el equipo de protecci\u00f3n en el lugar de los hechos. Por el momento no hay reporte de decesos de miembros de nuestra comunidad. Tenemos todos los canales de comunicaci\u00f3n abiertos para ofrecer todo el apoyo necesario. Seguiremos informando.<\/p>&mdash; Jorge Islas (@Jorge_IslasLo) <a href=\"https:\/\/twitter.com\/Jorge_IslasLo\/status\/1513908380896833536?ref_src=twsrc%5Etfw\">April 12, 2022<\/a><\/blockquote> <script async src=\"https:\/\/platform.twitter.com\/widgets.js\" charset=\"utf-8\"><\/script>\n\n\n\n<p>El lugar donde se registr\u00f3 el tiroteo en Brooklyn est\u00e1 muy cerca de Sunset Park, una zona donde reside un n\u00famero importante de mexicanos, por lo que se ha desplegado un equipo de la secretar\u00eda Relaciones Exteriores para averiguar si hubo connacionales involucrados en el incidente. <\/p>\n\n\n\n<p>Hasta el momento, cinco personas recibieron disparos en la estaci\u00f3n 25th Street del metro en Brooklyn, mientras que otro n\u00famero a\u00fan no confirmado resultaron con heridas y que, adem\u00e1s, los servicios de emergencia tuvieron que tratar a otras personas por inhalaci\u00f3n de una bomba de humo y por ataque de p\u00e1nico de acuerdo con reportes departamento de bomberos de la ciudad de Nueva York citados por CBS News. <\/p>\n\n\n\n<p>De acuerdo con los primeros reportes la polic\u00eda de Nueva York est\u00e1 buscando a un\u00a0sospechoso descrito como un hombre afroamericano que, seg\u00fan se dijo, vest\u00eda un chaleco de construcci\u00f3n reflectante de color naranja y una m\u00e1scara de gas. Im\u00e1genes de la escena que circulan en redes sociales muestran a personas atendiendo a otros pasajeros ensangrentados tirados en el suelo de la estaci\u00f3n, previo a la llegada de los servicio emergencia. <\/p>\n\n\n\n<p>Fuente: <a href=\"https:\/\/www.milenio.com\/politica\/tiroteo-ny-reporte-decesos-mexicanos-consul\" data-type=\"URL\" data-id=\"https:\/\/www.milenio.com\/politica\/tiroteo-ny-reporte-decesos-mexicanos-consul\">Milenio<\/a><\/p>\n","protected":false},"excerpt":{"rendered":"<p>El c\u00f3nsul general de M\u00e9xico en Nueva York, Jorge Islas, inform\u00f3 que los primeros reportes indican que no hubo decesos de alg\u00fan connacional tras el tiroteo en una estaci\u00f3n del metro ocurrido en esa ciudad. A trav\u00e9s de sus redes sociales, el funcionario dio a conocer que se encontraba con el equipo de protecci\u00f3n en [&hellip;]<\/p>\n","protected":false},"author":35,"featured_media":49510,"comment_status":"open","ping_status":"open","sticky":false,"template":"","format":"standard","meta":{"_monsterinsights_skip_tracking":false,"_monsterinsights_sitenote_active":false,"_monsterinsights_sitenote_note":"","_monsterinsights_sitenote_category":0,"footnotes":""},"categories":[157],"tags":[8773,1669,257,604,8527,3578],"class_list":["post-49509","post","type-post","status-publish","format-standard","has-post-thumbnail","hentry","category-nacional","tag-aseguran","tag-decesos","tag-mexicanos","tag-nueva-york","tag-reporte","tag-tiroteo","wp-image-borders"],"amp_enabled":true,"_links":{"self":[{"href":"https:\/\/nvnoticias.mx\/index.php\/wp-json\/wp\/v2\/posts\/49509","targetHints":{"allow":["GET"]}}],"collection":[{"href":"https:\/\/nvnoticias.mx\/index.php\/wp-json\/wp\/v2\/posts"}],"about":[{"href":"https:\/\/nvnoticias.mx\/index.php\/wp-json\/wp\/v2\/types\/post"}],"author":[{"embeddable":true,"href":"https:\/\/nvnoticias.mx\/index.php\/wp-json\/wp\/v2\/users\/35"}],"replies":[{"embeddable":true,"href":"https:\/\/nvnoticias.mx\/index.php\/wp-json\/wp\/v2\/comments?post=49509"}],"version-history":[{"count":1,"href":"https:\/\/nvnoticias.mx\/index.php\/wp-json\/wp\/v2\/posts\/49509\/revisions"}],"predecessor-version":[{"id":49511,"href":"https:\/\/nvnoticias.mx\/index.php\/wp-json\/wp\/v2\/posts\/49509\/revisions\/49511"}],"wp:featuredmedia":[{"embeddable":true,"href":"https:\/\/nvnoticias.mx\/index.php\/wp-json\/wp\/v2\/media\/49510"}],"wp:attachment":[{"href":"https:\/\/nvnoticias.mx\/index.php\/wp-json\/wp\/v2\/media?parent=49509"}],"wp:term":[{"taxonomy":"category","embeddable":true,"href":"https:\/\/nvnoticias.mx\/index.php\/wp-json\/wp\/v2\/categories?post=49509"},{"taxonomy":"post_tag","embeddable":true,"href":"https:\/\/nvnoticias.mx\/index.php\/wp-json\/wp\/v2\/tags?post=49509"}],"curies":[{"name":"wp","href":"https:\/\/api.w.org\/{rel}","templated":true}]}}