{"id":49436,"date":"2022-04-12T11:32:04","date_gmt":"2022-04-12T16:32:04","guid":{"rendered":"https:\/\/nvnoticias.mx\/?p=49436"},"modified":"2022-04-12T11:32:05","modified_gmt":"2022-04-12T16:32:05","slug":"habilitan-modulos-de-vacunacion-en-zonas-turisticos-de-veracruz","status":"publish","type":"post","link":"https:\/\/nvnoticias.mx\/index.php\/2022\/04\/12\/habilitan-modulos-de-vacunacion-en-zonas-turisticos-de-veracruz\/","title":{"rendered":"Habilitan m\u00f3dulos de vacunaci\u00f3n en zonas tur\u00edsticos de Veracruz"},"content":{"rendered":"\n<p><strong>Sam Ojeda | NV Noticias<\/strong><\/p>\n\n\n\n<p>Xalapa.- Desde este martes habr\u00e1 m\u00f3dulos de vacunaci\u00f3n contra el covid-19 en centros de trabajo importantes, lugares tur\u00edsticos, casas del migrante y centros de salud del estado.<\/p>\n\n\n\n<p>El delegado de Programas para el Desarrollo en Veracruz, Manuel Huerta Ladr\u00f3n de Guevara, inform\u00f3 que en Xalapa fue instalado un m\u00f3dulo en bajos de Palacio de Gobierno donde se puede aplicar la vacuna las personas que lo deseen como refuerzo.<\/p>\n\n\n\n<p>&#8220;A partir de hoy vamos a ir a vacunar a algunos centros laborales importantes, vamos a ir a lugares como TAMSA, APIVER, plazas comerciales como Crystal y Andamar, en el mismo ADO, en Megacable, son bastantes a las que vamos a estar yendo en diversos d\u00eda y horarios. No es para todo el p\u00fablico, son para los p\u00fablicos espec\u00edficos que est\u00e1n en esos centros laborales&#8221;.<\/p>\n\n\n\n<p>Lo mismo se realizar\u00e1 en los hospitales de las instituciones de Salud Federal como IMSS, ISSSTE, PEMEX, SEDENA y MARINA; en los centros de salud estatales desde el 18 y hasta el 22 de abril.<\/p>\n\n\n\n<p>&#8220;Tambi\u00e9n en centros de salud de Paso de Ovejas, Cardel, Cempoala, Paso del Toro, Manlio Fabio Altamirano, es decir, tenemos la intenci\u00f3n de estar vacunando en todos los centros de salud para que de ah\u00ed tambi\u00e9n el Gobierno Estatal desplace sus unidades de vacunaci\u00f3n alrededor de los mismos&#8221;.<\/p>\n\n\n\n<p>En el periodo vacacional de Semana Santa, los m\u00f3dulos para turistas estar\u00e1n en la Laguna de Mahahual en el municipio de \u00c1ngel R. Cabada, en los bajos del Palacio Municipal de San Andr\u00e9s Tuxtla hasta del 11 al 15 de abril, en la Laguna de Catemaco el 14 de abril, en Acayucan el 15, en Hueyapan de Ocampo el 16, &#8220;son lugares donde probablemente los propios turistas puedan llegar y que puedan tener acceso si as\u00ed lo desean a vacunarse&#8221;.<\/p>\n\n\n\n<p>&#8220;En el centro de migrantes como en Oluta, hay una casa del migrante, ayer estuvimos vacunando ah\u00ed, hoy lo vamos a estar haciendo en otros lugares&#8221;.<\/p>\n","protected":false},"excerpt":{"rendered":"<p>Sam Ojeda | NV Noticias Xalapa.- Desde este martes habr\u00e1 m\u00f3dulos de vacunaci\u00f3n contra el covid-19 en centros de trabajo importantes, lugares tur\u00edsticos, casas del migrante y centros de salud del estado. El delegado de Programas para el Desarrollo en Veracruz, Manuel Huerta Ladr\u00f3n de Guevara, inform\u00f3 que en Xalapa fue instalado un m\u00f3dulo en [&hellip;]<\/p>\n","protected":false},"author":35,"featured_media":33066,"comment_status":"open","ping_status":"open","sticky":false,"template":"","format":"standard","meta":{"_monsterinsights_skip_tracking":false,"_monsterinsights_sitenote_active":false,"_monsterinsights_sitenote_note":"","_monsterinsights_sitenote_category":0,"footnotes":""},"categories":[156],"tags":[8387,2704,162,809,13265,2763],"class_list":["post-49436","post","type-post","status-publish","format-standard","has-post-thumbnail","hentry","category-estado","tag-habilitan","tag-modulos","tag-portada","tag-vacunacion","tag-zonas","tag-zonas-turisticas","wp-image-borders"],"amp_enabled":true,"_links":{"self":[{"href":"https:\/\/nvnoticias.mx\/index.php\/wp-json\/wp\/v2\/posts\/49436","targetHints":{"allow":["GET"]}}],"collection":[{"href":"https:\/\/nvnoticias.mx\/index.php\/wp-json\/wp\/v2\/posts"}],"about":[{"href":"https:\/\/nvnoticias.mx\/index.php\/wp-json\/wp\/v2\/types\/post"}],"author":[{"embeddable":true,"href":"https:\/\/nvnoticias.mx\/index.php\/wp-json\/wp\/v2\/users\/35"}],"replies":[{"embeddable":true,"href":"https:\/\/nvnoticias.mx\/index.php\/wp-json\/wp\/v2\/comments?post=49436"}],"version-history":[{"count":1,"href":"https:\/\/nvnoticias.mx\/index.php\/wp-json\/wp\/v2\/posts\/49436\/revisions"}],"predecessor-version":[{"id":49437,"href":"https:\/\/nvnoticias.mx\/index.php\/wp-json\/wp\/v2\/posts\/49436\/revisions\/49437"}],"wp:featuredmedia":[{"embeddable":true,"href":"https:\/\/nvnoticias.mx\/index.php\/wp-json\/wp\/v2\/media\/33066"}],"wp:attachment":[{"href":"https:\/\/nvnoticias.mx\/index.php\/wp-json\/wp\/v2\/media?parent=49436"}],"wp:term":[{"taxonomy":"category","embeddable":true,"href":"https:\/\/nvnoticias.mx\/index.php\/wp-json\/wp\/v2\/categories?post=49436"},{"taxonomy":"post_tag","embeddable":true,"href":"https:\/\/nvnoticias.mx\/index.php\/wp-json\/wp\/v2\/tags?post=49436"}],"curies":[{"name":"wp","href":"https:\/\/api.w.org\/{rel}","templated":true}]}}