{"id":4937,"date":"2021-02-17T11:45:25","date_gmt":"2021-02-17T17:45:25","guid":{"rendered":"https:\/\/nvnoticias.mx\/?p=4937"},"modified":"2021-02-17T11:45:26","modified_gmt":"2021-02-17T17:45:26","slug":"se-lleva-a-cabo-el-miercoles-de-ceniza-en-veracruz","status":"publish","type":"post","link":"https:\/\/nvnoticias.mx\/index.php\/2021\/02\/17\/se-lleva-a-cabo-el-miercoles-de-ceniza-en-veracruz\/","title":{"rendered":"Se lleva a cabo el Mi\u00e9rcoles de Ceniza en Veracruz"},"content":{"rendered":"\n<p><strong>Jes\u00fas Utrilla \/ NV Noticias<\/strong><\/p>\n\n\n\n<p>La Catedral de Veracruz as\u00ed como las parroquias de la ciudad iniciaron las misas, desde este mi\u00e9rcoles por la ma\u00f1ana, para colocar la ceniza a los feligreses.<\/p>\n\n\n\n<p>A pesar del coronavirus y las restricciones, acudieron a los templos mujeres, ni\u00f1os, j\u00f3venes, pero sobre todo adultos mayores a recibir la unci\u00f3n de la cenizas.<\/p>\n\n\n\n<p>En la Catedral porte\u00f1a la homil\u00eda fue oficiada por el Obispo, Carlos Brise\u00f1o Arch.<\/p>\n\n\n\n<p>Es de destacar que la misa se realiz\u00f3 con las medidas sanitarias desde permitir un cupo del 25 por ciento de la capacidad del inmueble religioso, la aplicaci\u00f3n de gel antibacterial hasta la toma de temperatura.<\/p>\n\n\n\n<p>Debido a la pandemia la ceniza fue puesta sobre la cabeza de las personas.<\/p>\n\n\n\n<p>Los feligreses que acudieron en su mayor\u00eda son adultos quienes manifestaron que la fecha tiene un valor significativo para ellos como cat\u00f3licos.<\/p>\n\n\n\n<blockquote class=\"wp-block-quote is-layout-flow wp-block-quote-is-layout-flow\"><p>\u201cLa costumbre es porque nuestros padres nos lo ense\u00f1aron y es para estar cuarenta d\u00edas en cuaresma. Siempre acudo, yo no salgo de esta iglesia, siempre estoy aqu\u00ed en la Catedral\u201d, se\u00f1al\u00f3 la se\u00f1ora Ofelia Jacobo Andrade.<\/p><\/blockquote>\n\n\n\n<p>Cabe recordar que el Mi\u00e9rcoles de Ceniza se celebra 40 d\u00edas antes del jueves santo, d\u00eda en que comienza la semana santa.<\/p>\n\n\n\n<blockquote class=\"wp-block-quote is-layout-flow wp-block-quote-is-layout-flow\"><p>\u201cInicia la Semana Santa y es un d\u00eda muy importante para todos los cat\u00f3licos que deben venir a tomar la ceniza porque es muy importante. Para mi es hermoso venir a recibir esto. Siempre vengo\u201d.<\/p><\/blockquote>\n\n\n\n<p>La ceniza constituye la caracter\u00edstica de la celebraci\u00f3n lit\u00fargica del inicio de la Cuaresma.<\/p>\n","protected":false},"excerpt":{"rendered":"<p>Jes\u00fas Utrilla \/ NV Noticias La Catedral de Veracruz as\u00ed como las parroquias de la ciudad iniciaron las misas, desde este mi\u00e9rcoles por la ma\u00f1ana, para colocar la ceniza a los feligreses. A pesar del coronavirus y las restricciones, acudieron a los templos mujeres, ni\u00f1os, j\u00f3venes, pero sobre todo adultos mayores a recibir la unci\u00f3n [&hellip;]<\/p>\n","protected":false},"author":6,"featured_media":4938,"comment_status":"open","ping_status":"open","sticky":false,"template":"","format":"standard","meta":{"_monsterinsights_skip_tracking":false,"_monsterinsights_sitenote_active":false,"_monsterinsights_sitenote_note":"","_monsterinsights_sitenote_category":0,"footnotes":""},"categories":[154],"tags":[1407,1474,180],"class_list":["post-4937","post","type-post","status-publish","format-standard","has-post-thumbnail","hentry","category-veracruz","tag-miercoles-de-ceniza","tag-semana-santa","tag-veracruz","wp-image-borders"],"amp_enabled":true,"_links":{"self":[{"href":"https:\/\/nvnoticias.mx\/index.php\/wp-json\/wp\/v2\/posts\/4937","targetHints":{"allow":["GET"]}}],"collection":[{"href":"https:\/\/nvnoticias.mx\/index.php\/wp-json\/wp\/v2\/posts"}],"about":[{"href":"https:\/\/nvnoticias.mx\/index.php\/wp-json\/wp\/v2\/types\/post"}],"author":[{"embeddable":true,"href":"https:\/\/nvnoticias.mx\/index.php\/wp-json\/wp\/v2\/users\/6"}],"replies":[{"embeddable":true,"href":"https:\/\/nvnoticias.mx\/index.php\/wp-json\/wp\/v2\/comments?post=4937"}],"version-history":[{"count":1,"href":"https:\/\/nvnoticias.mx\/index.php\/wp-json\/wp\/v2\/posts\/4937\/revisions"}],"predecessor-version":[{"id":4939,"href":"https:\/\/nvnoticias.mx\/index.php\/wp-json\/wp\/v2\/posts\/4937\/revisions\/4939"}],"wp:featuredmedia":[{"embeddable":true,"href":"https:\/\/nvnoticias.mx\/index.php\/wp-json\/wp\/v2\/media\/4938"}],"wp:attachment":[{"href":"https:\/\/nvnoticias.mx\/index.php\/wp-json\/wp\/v2\/media?parent=4937"}],"wp:term":[{"taxonomy":"category","embeddable":true,"href":"https:\/\/nvnoticias.mx\/index.php\/wp-json\/wp\/v2\/categories?post=4937"},{"taxonomy":"post_tag","embeddable":true,"href":"https:\/\/nvnoticias.mx\/index.php\/wp-json\/wp\/v2\/tags?post=4937"}],"curies":[{"name":"wp","href":"https:\/\/api.w.org\/{rel}","templated":true}]}}