{"id":49344,"date":"2022-04-11T15:40:51","date_gmt":"2022-04-11T20:40:51","guid":{"rendered":"https:\/\/nvnoticias.mx\/?p=49344"},"modified":"2022-04-11T15:40:52","modified_gmt":"2022-04-11T20:40:52","slug":"eva-longoria-se-encuentra-grabando-en-veracruz","status":"publish","type":"post","link":"https:\/\/nvnoticias.mx\/index.php\/2022\/04\/11\/eva-longoria-se-encuentra-grabando-en-veracruz\/","title":{"rendered":"Eva Longoria se encuentra grabando en Veracruz"},"content":{"rendered":"\n<p>A trav\u00e9s de su cuenta de instagram, la actriz Eva Longoria Baston comparti\u00f3 que se encontraba en las playas de Veracruz, sin que en ese momento se supiera el motivo de su visita.<\/p>\n\n\n\n<div class=\"wp-block-image\"><figure class=\"aligncenter size-large\"><img loading=\"lazy\" decoding=\"async\" width=\"338\" height=\"588\" src=\"https:\/\/nvnoticias.mx\/wp-content\/uploads\/2022\/04\/image-1.png\" alt=\"\" class=\"wp-image-49349\" srcset=\"https:\/\/nvnoticias.mx\/wp-content\/uploads\/2022\/04\/image-1.png 338w, https:\/\/nvnoticias.mx\/wp-content\/uploads\/2022\/04\/image-1-172x300.png 172w\" sizes=\"auto, (max-width: 338px) 100vw, 338px\" \/><figcaption>Foto: Instagram Eva Longoria<\/figcaption><\/figure><\/div>\n\n\n\n<p>Fue la tarde de este lunes que en redes sociales compartieron im\u00e1genes de que la actriz se encontraba realizando una grabaci\u00f3n en los Portales de Lerdo y posteriormente recorriendo el Centro Hist\u00f3rico de la Ciudad de Veracruz.<\/p>\n\n\n\n<p>Eva Longoria se encuentra recorriendo diversas ciudades del pa\u00eds para la filmaci\u00f3n de su serie &#8216;Searching for M\u00e9xico&#8217;.<\/p>\n\n\n\n<figure class=\"wp-block-embed aligncenter is-type-rich is-provider-twitter wp-block-embed-twitter\"><div class=\"wp-block-embed__wrapper\">\n<blockquote class=\"twitter-tweet\" data-width=\"550\" data-dnt=\"true\"><p lang=\"es\" dir=\"ltr\">De visita en el <a href=\"https:\/\/twitter.com\/hashtag\/CentroHistorico?src=hash&amp;ref_src=twsrc%5Etfw\">#CentroHistorico<\/a> de <a href=\"https:\/\/twitter.com\/AyuntamientoVer?ref_src=twsrc%5Etfw\">@AyuntamientoVer<\/a> la famosa actriz <a href=\"https:\/\/twitter.com\/EvaLongoria?ref_src=twsrc%5Etfw\">@EvaLongoria<\/a> grabando algunas escenas, hasta parece <a href=\"https:\/\/twitter.com\/hashtag\/jarocha?src=hash&amp;ref_src=twsrc%5Etfw\">#jarocha<\/a> <a href=\"https:\/\/twitter.com\/hashtag\/Veracruz?src=hash&amp;ref_src=twsrc%5Etfw\">#Veracruz<\/a> <a href=\"https:\/\/twitter.com\/hashtag\/Mexico?src=hash&amp;ref_src=twsrc%5Etfw\">#Mexico<\/a> <a href=\"https:\/\/t.co\/rUOKwgPqmu\">pic.twitter.com\/rUOKwgPqmu<\/a><\/p>&mdash; ???????????????????????????? ???????????????? ???????????????????? (@RicardoChuaA) <a href=\"https:\/\/twitter.com\/RicardoChuaA\/status\/1513596956467154955?ref_src=twsrc%5Etfw\">April 11, 2022<\/a><\/blockquote><script async src=\"https:\/\/platform.twitter.com\/widgets.js\" charset=\"utf-8\"><\/script>\n<\/div><\/figure>\n","protected":false},"excerpt":{"rendered":"<p>A trav\u00e9s de su cuenta de instagram, la actriz Eva Longoria Baston comparti\u00f3 que se encontraba en las playas de Veracruz, sin que en ese momento se supiera el motivo de su visita. Fue la tarde de este lunes que en redes sociales compartieron im\u00e1genes de que la actriz se encontraba realizando una grabaci\u00f3n en [&hellip;]<\/p>\n","protected":false},"author":7,"featured_media":49354,"comment_status":"open","ping_status":"open","sticky":false,"template":"","format":"standard","meta":{"_monsterinsights_skip_tracking":false,"_monsterinsights_sitenote_active":false,"_monsterinsights_sitenote_note":"","_monsterinsights_sitenote_category":0,"footnotes":""},"categories":[576],"tags":[13249,13248,13250,180],"class_list":["post-49344","post","type-post","status-publish","format-standard","has-post-thumbnail","hentry","category-ocio","tag-eva-longoria","tag-eva-longoria-baston","tag-searching-for-mexico","tag-veracruz","wp-image-borders"],"amp_enabled":true,"_links":{"self":[{"href":"https:\/\/nvnoticias.mx\/index.php\/wp-json\/wp\/v2\/posts\/49344","targetHints":{"allow":["GET"]}}],"collection":[{"href":"https:\/\/nvnoticias.mx\/index.php\/wp-json\/wp\/v2\/posts"}],"about":[{"href":"https:\/\/nvnoticias.mx\/index.php\/wp-json\/wp\/v2\/types\/post"}],"author":[{"embeddable":true,"href":"https:\/\/nvnoticias.mx\/index.php\/wp-json\/wp\/v2\/users\/7"}],"replies":[{"embeddable":true,"href":"https:\/\/nvnoticias.mx\/index.php\/wp-json\/wp\/v2\/comments?post=49344"}],"version-history":[{"count":1,"href":"https:\/\/nvnoticias.mx\/index.php\/wp-json\/wp\/v2\/posts\/49344\/revisions"}],"predecessor-version":[{"id":49355,"href":"https:\/\/nvnoticias.mx\/index.php\/wp-json\/wp\/v2\/posts\/49344\/revisions\/49355"}],"wp:featuredmedia":[{"embeddable":true,"href":"https:\/\/nvnoticias.mx\/index.php\/wp-json\/wp\/v2\/media\/49354"}],"wp:attachment":[{"href":"https:\/\/nvnoticias.mx\/index.php\/wp-json\/wp\/v2\/media?parent=49344"}],"wp:term":[{"taxonomy":"category","embeddable":true,"href":"https:\/\/nvnoticias.mx\/index.php\/wp-json\/wp\/v2\/categories?post=49344"},{"taxonomy":"post_tag","embeddable":true,"href":"https:\/\/nvnoticias.mx\/index.php\/wp-json\/wp\/v2\/tags?post=49344"}],"curies":[{"name":"wp","href":"https:\/\/api.w.org\/{rel}","templated":true}]}}