{"id":49161,"date":"2022-04-10T14:17:20","date_gmt":"2022-04-10T19:17:20","guid":{"rendered":"https:\/\/nvnoticias.mx\/?p=49161"},"modified":"2022-04-10T14:17:20","modified_gmt":"2022-04-10T19:17:20","slug":"votan-cuitlahuac-y-titular-de-ssp","status":"publish","type":"post","link":"https:\/\/nvnoticias.mx\/index.php\/2022\/04\/10\/votan-cuitlahuac-y-titular-de-ssp\/","title":{"rendered":"Votan Cuitl\u00e1huac y titular de SSP"},"content":{"rendered":"\n<p><strong>Sam Ojeda | NV Noticias<\/strong><\/p>\n\n\n\n<p>Xalapa.-El Gobernador Cuit\u00e1huac Garc\u00eda Jim\u00e9nez, y su Secretario de Seguridad P\u00fablica Hugo Guti\u00e9rrez Maldonado acudieron este domingo a expresar su opini\u00f3n en la revocaci\u00f3n de mandato.<\/p>\n\n\n\n<blockquote class=\"wp-block-quote is-layout-flow wp-block-quote-is-layout-flow\"><p>\u201cAunque los adversarios conservadores y antidem\u00f3cratas ya tiraron la toalla, no pueden evitar que este d\u00eda se convierta en hist\u00f3rico y de alegr\u00eda popular; por primera vez se hace posible un ejercicio democr\u00e1tico in\u00e9dito\u201d public\u00f3 el Mandatario en sus redes sociales.<\/p><\/blockquote>\n\n\n\n<p>Cuitl\u00e1huac Garc\u00eda vot\u00f3 en la casilla instalada en la calle Toluca, de la colonia Progreso Macuilt\u00e9petl.<\/p>\n\n\n\n<p>El Secretario de Seguridad P\u00fablica Hugo Guti\u00e9rrez igual cumpli\u00f3 con este deber c\u00edvico, yendo a la Casilla del Deportivo Britannia, de Las \u00c1nimas.<\/p>\n\n\n\n<blockquote class=\"wp-block-quote is-layout-flow wp-block-quote-is-layout-flow\"><p>\u201cVotar es un derecho y una obligaci\u00f3n ciudadana que abona a construir una sociedad democr\u00e1tica, por ello con gran orgullo participamos este d\u00eda en el ejercicio hist\u00f3rico de revocaci\u00f3n\u201d.<\/p><\/blockquote>\n","protected":false},"excerpt":{"rendered":"<p>Sam Ojeda | NV Noticias Xalapa.-El Gobernador Cuit\u00e1huac Garc\u00eda Jim\u00e9nez, y su Secretario de Seguridad P\u00fablica Hugo Guti\u00e9rrez Maldonado acudieron este domingo a expresar su opini\u00f3n en la revocaci\u00f3n de mandato. \u201cAunque los adversarios conservadores y antidem\u00f3cratas ya tiraron la toalla, no pueden evitar que este d\u00eda se convierta en hist\u00f3rico y de alegr\u00eda popular; [&hellip;]<\/p>\n","protected":false},"author":6,"featured_media":49162,"comment_status":"open","ping_status":"open","sticky":false,"template":"","format":"standard","meta":{"_monsterinsights_skip_tracking":false,"_monsterinsights_sitenote_active":false,"_monsterinsights_sitenote_note":"","_monsterinsights_sitenote_category":0,"footnotes":""},"categories":[156],"tags":[289,5354,1415],"class_list":["post-49161","post","type-post","status-publish","format-standard","has-post-thumbnail","hentry","category-estado","tag-cuitlahuac-garcia","tag-revocacion-de-mandato","tag-votaciones","wp-image-borders"],"amp_enabled":true,"_links":{"self":[{"href":"https:\/\/nvnoticias.mx\/index.php\/wp-json\/wp\/v2\/posts\/49161","targetHints":{"allow":["GET"]}}],"collection":[{"href":"https:\/\/nvnoticias.mx\/index.php\/wp-json\/wp\/v2\/posts"}],"about":[{"href":"https:\/\/nvnoticias.mx\/index.php\/wp-json\/wp\/v2\/types\/post"}],"author":[{"embeddable":true,"href":"https:\/\/nvnoticias.mx\/index.php\/wp-json\/wp\/v2\/users\/6"}],"replies":[{"embeddable":true,"href":"https:\/\/nvnoticias.mx\/index.php\/wp-json\/wp\/v2\/comments?post=49161"}],"version-history":[{"count":1,"href":"https:\/\/nvnoticias.mx\/index.php\/wp-json\/wp\/v2\/posts\/49161\/revisions"}],"predecessor-version":[{"id":49163,"href":"https:\/\/nvnoticias.mx\/index.php\/wp-json\/wp\/v2\/posts\/49161\/revisions\/49163"}],"wp:featuredmedia":[{"embeddable":true,"href":"https:\/\/nvnoticias.mx\/index.php\/wp-json\/wp\/v2\/media\/49162"}],"wp:attachment":[{"href":"https:\/\/nvnoticias.mx\/index.php\/wp-json\/wp\/v2\/media?parent=49161"}],"wp:term":[{"taxonomy":"category","embeddable":true,"href":"https:\/\/nvnoticias.mx\/index.php\/wp-json\/wp\/v2\/categories?post=49161"},{"taxonomy":"post_tag","embeddable":true,"href":"https:\/\/nvnoticias.mx\/index.php\/wp-json\/wp\/v2\/tags?post=49161"}],"curies":[{"name":"wp","href":"https:\/\/api.w.org\/{rel}","templated":true}]}}