{"id":49145,"date":"2022-04-10T13:33:03","date_gmt":"2022-04-10T18:33:03","guid":{"rendered":"https:\/\/nvnoticias.mx\/?p=49145"},"modified":"2022-04-10T13:33:04","modified_gmt":"2022-04-10T18:33:04","slug":"exigen-liberacion-de-la-doctora-michel-rojano-acusada-de-homicidio-doloso","status":"publish","type":"post","link":"https:\/\/nvnoticias.mx\/index.php\/2022\/04\/10\/exigen-liberacion-de-la-doctora-michel-rojano-acusada-de-homicidio-doloso\/","title":{"rendered":"Exigen  liberaci\u00f3n de la doctora Michel Rojano, acusada de homicidio doloso"},"content":{"rendered":"\n<p><strong>Jes\u00fas Utrilla | NV Noticias<\/strong><\/p>\n\n\n\n<p>Familiares y amigos de la doctora Michel Rojano Arcos se manifestaron en Plaza de la Soberan\u00eda para exigir su liberaci\u00f3n.<\/p>\n\n\n\n<p>El pap\u00e1 de la doctora, Javier Mendoza, dijo que se trata de un acto de injusticia por un evento de 2010, que su hija aclar\u00f3 en 2012.<\/p>\n\n\n\n<p>Y es que ella atendi\u00f3 a un reo que falleci\u00f3, por lo que la acusan de homicidio doloso.<\/p>\n\n\n\n<p>Sin embargo, ella no estaba contratada en el sistema penitenciario y solamente brind\u00f3 una consulta m\u00e9dica al occiso.<\/p>\n\n\n\n<p>Los hechos ocurrieron en el Cefereso de Villa Aldama.<\/p>\n\n\n\n<p>El reo ten\u00eda cinco a\u00f1os con leucemia, pero en esa ocasi\u00f3n ella ingres\u00f3 a trabajar con promesa de plaza.<\/p>\n\n\n\n<p>Sin embargo, el personal que cuidaba al reo no le permiti\u00f3 atenci\u00f3n m\u00e9dica oportuna, pero culparon a la doctora.<\/p>\n\n\n\n<p>Las personas realizaron tambi\u00e9n lo que llamaron \u201cla marcha por la Justicia\u201d, partiendo del Asta Bandera en direcci\u00f3n a la Plaza del Magisterio.<\/p>\n\n\n\n<p>Y es que a la doctora nunca le proporcionaron el expediente cl\u00ednico del paciente.<\/p>\n\n\n\n<p>A ella no la contrataron y acudi\u00f3 a la Comisi\u00f3n de Derechos Humanos donde acus\u00f3 malas pr\u00e1cticas dentro del penal. Despu\u00e9s la detuvieron.<\/p>\n\n\n\n<p>Los padres de ella recordaron que el reo debi\u00f3 ser atendido por un m\u00e9dico especialista porque se trataba de leucemia.<\/p>\n\n\n\n<p>Tambi\u00e9n exigieron que liberen a su hija y la absuelvan.<\/p>\n\n\n\n<p>Consideraron una injusticia que siga detenida por lo que decidieron manifestarse.<\/p>\n","protected":false},"excerpt":{"rendered":"<p>Jes\u00fas Utrilla | NV Noticias Familiares y amigos de la doctora Michel Rojano Arcos se manifestaron en Plaza de la Soberan\u00eda para exigir su liberaci\u00f3n. El pap\u00e1 de la doctora, Javier Mendoza, dijo que se trata de un acto de injusticia por un evento de 2010, que su hija aclar\u00f3 en 2012. Y es que [&hellip;]<\/p>\n","protected":false},"author":6,"featured_media":49146,"comment_status":"open","ping_status":"open","sticky":false,"template":"","format":"standard","meta":{"_monsterinsights_skip_tracking":false,"_monsterinsights_sitenote_active":false,"_monsterinsights_sitenote_note":"","_monsterinsights_sitenote_category":0,"footnotes":""},"categories":[154],"tags":[2175,503],"class_list":["post-49145","post","type-post","status-publish","format-standard","has-post-thumbnail","hentry","category-veracruz","tag-homicidio-doloso","tag-manifestacion","wp-image-borders"],"amp_enabled":true,"_links":{"self":[{"href":"https:\/\/nvnoticias.mx\/index.php\/wp-json\/wp\/v2\/posts\/49145","targetHints":{"allow":["GET"]}}],"collection":[{"href":"https:\/\/nvnoticias.mx\/index.php\/wp-json\/wp\/v2\/posts"}],"about":[{"href":"https:\/\/nvnoticias.mx\/index.php\/wp-json\/wp\/v2\/types\/post"}],"author":[{"embeddable":true,"href":"https:\/\/nvnoticias.mx\/index.php\/wp-json\/wp\/v2\/users\/6"}],"replies":[{"embeddable":true,"href":"https:\/\/nvnoticias.mx\/index.php\/wp-json\/wp\/v2\/comments?post=49145"}],"version-history":[{"count":1,"href":"https:\/\/nvnoticias.mx\/index.php\/wp-json\/wp\/v2\/posts\/49145\/revisions"}],"predecessor-version":[{"id":49147,"href":"https:\/\/nvnoticias.mx\/index.php\/wp-json\/wp\/v2\/posts\/49145\/revisions\/49147"}],"wp:featuredmedia":[{"embeddable":true,"href":"https:\/\/nvnoticias.mx\/index.php\/wp-json\/wp\/v2\/media\/49146"}],"wp:attachment":[{"href":"https:\/\/nvnoticias.mx\/index.php\/wp-json\/wp\/v2\/media?parent=49145"}],"wp:term":[{"taxonomy":"category","embeddable":true,"href":"https:\/\/nvnoticias.mx\/index.php\/wp-json\/wp\/v2\/categories?post=49145"},{"taxonomy":"post_tag","embeddable":true,"href":"https:\/\/nvnoticias.mx\/index.php\/wp-json\/wp\/v2\/tags?post=49145"}],"curies":[{"name":"wp","href":"https:\/\/api.w.org\/{rel}","templated":true}]}}