{"id":49104,"date":"2022-04-09T14:30:00","date_gmt":"2022-04-09T19:30:00","guid":{"rendered":"https:\/\/nvnoticias.mx\/?p=49104"},"modified":"2022-04-09T23:12:45","modified_gmt":"2022-04-10T04:12:45","slug":"recorre-ricardo-ahued-instalaciones-de-plaza-clavijero","status":"publish","type":"post","link":"https:\/\/nvnoticias.mx\/index.php\/2022\/04\/09\/recorre-ricardo-ahued-instalaciones-de-plaza-clavijero\/","title":{"rendered":"Recorre Ricardo Ahued instalaciones de Plaza Clavijero"},"content":{"rendered":"\n<p>Se trabaja en la renovaci\u00f3n del espacio interior y la fachada<\/p>\n\n\n\n<p>Xalapa, Ver.- Para conocer y supervisar el avance de la limpieza y mantenimiento que se realiza en la Plaza Clavijero, el presidente municipal Ricardo Ahued Bardahuil llev\u00f3 a cabo un recorrido por las instalaciones del centro comercial.<\/p>\n\n\n\n<p>Acompa\u00f1ado por locatarios y el director de Desarrollo Econ\u00f3mico, Alberto Romero Guti\u00e9rrez, el Alcalde anunci\u00f3 la pr\u00f3xima donaci\u00f3n de equipo de c\u00f3mputo para la creaci\u00f3n de un espacio dedicado al estudio y la elaboraci\u00f3n de tareas y trabajos escolares, con el fin de que las hijas e hijos de comerciantes puedan aprovechar el tiempo que pasan acompa\u00f1ando a sus familiares.<\/p>\n","protected":false},"excerpt":{"rendered":"<p>Se trabaja en la renovaci\u00f3n del espacio interior y la fachada Xalapa, Ver.- Para conocer y supervisar el avance de la limpieza y mantenimiento que se realiza en la Plaza Clavijero, el presidente municipal Ricardo Ahued Bardahuil llev\u00f3 a cabo un recorrido por las instalaciones del centro comercial. Acompa\u00f1ado por locatarios y el director de [&hellip;]<\/p>\n","protected":false},"author":8,"featured_media":49105,"comment_status":"open","ping_status":"open","sticky":false,"template":"","format":"standard","meta":{"_monsterinsights_skip_tracking":false,"_monsterinsights_sitenote_active":false,"_monsterinsights_sitenote_note":"","_monsterinsights_sitenote_category":0,"footnotes":""},"categories":[156],"tags":[12800,1086,312],"class_list":["post-49104","post","type-post","status-publish","format-standard","has-post-thumbnail","hentry","category-estado","tag-plaza-clavijero","tag-ricardo-ahued","tag-xalapa","wp-image-borders"],"amp_enabled":true,"_links":{"self":[{"href":"https:\/\/nvnoticias.mx\/index.php\/wp-json\/wp\/v2\/posts\/49104","targetHints":{"allow":["GET"]}}],"collection":[{"href":"https:\/\/nvnoticias.mx\/index.php\/wp-json\/wp\/v2\/posts"}],"about":[{"href":"https:\/\/nvnoticias.mx\/index.php\/wp-json\/wp\/v2\/types\/post"}],"author":[{"embeddable":true,"href":"https:\/\/nvnoticias.mx\/index.php\/wp-json\/wp\/v2\/users\/8"}],"replies":[{"embeddable":true,"href":"https:\/\/nvnoticias.mx\/index.php\/wp-json\/wp\/v2\/comments?post=49104"}],"version-history":[{"count":1,"href":"https:\/\/nvnoticias.mx\/index.php\/wp-json\/wp\/v2\/posts\/49104\/revisions"}],"predecessor-version":[{"id":49106,"href":"https:\/\/nvnoticias.mx\/index.php\/wp-json\/wp\/v2\/posts\/49104\/revisions\/49106"}],"wp:featuredmedia":[{"embeddable":true,"href":"https:\/\/nvnoticias.mx\/index.php\/wp-json\/wp\/v2\/media\/49105"}],"wp:attachment":[{"href":"https:\/\/nvnoticias.mx\/index.php\/wp-json\/wp\/v2\/media?parent=49104"}],"wp:term":[{"taxonomy":"category","embeddable":true,"href":"https:\/\/nvnoticias.mx\/index.php\/wp-json\/wp\/v2\/categories?post=49104"},{"taxonomy":"post_tag","embeddable":true,"href":"https:\/\/nvnoticias.mx\/index.php\/wp-json\/wp\/v2\/tags?post=49104"}],"curies":[{"name":"wp","href":"https:\/\/api.w.org\/{rel}","templated":true}]}}