{"id":49075,"date":"2022-04-09T11:04:51","date_gmt":"2022-04-09T16:04:51","guid":{"rendered":"https:\/\/nvnoticias.mx\/?p=49075"},"modified":"2022-04-09T11:04:52","modified_gmt":"2022-04-09T16:04:52","slug":"disminuyen-municipios-con-sequia-moderada-en-veracruz","status":"publish","type":"post","link":"https:\/\/nvnoticias.mx\/index.php\/2022\/04\/09\/disminuyen-municipios-con-sequia-moderada-en-veracruz\/","title":{"rendered":"Disminuyen municipios con sequ\u00eda moderada en Veracruz"},"content":{"rendered":"\n<p><strong>Sam Ojeda\u00a0\/ NV Noticias<\/strong><\/p>\n\n\n\n<p>Xalapa.- La jefa de Hidrometeorolog\u00eda de la Comisi\u00f3n Nacional del Agua (Conagua), Jessica Luna Lagunes, inform\u00f3 que hay 41 municipios considerados con sequ\u00eda moderada, que significa una disminuci\u00f3n de cuatro con respecto al reporte anterior.\u00a0<\/p>\n\n\n\n<p>Dijo que 11 de los 41 municipios con sequ\u00eda moderada est\u00e1n en 11 en las cuencas del Papaloapan al Coatzacoalcos, 10 en\u00a0 la Cuenca del P\u00e1nuco, ocho m\u00e1s en la del Tuxpan; en menor medida siguen dos en la cuenca del r\u00edo Cazones, uno en la del Tecolutla.<\/p>\n\n\n\n<p>Los municipios con sequ\u00eda moderada son: Acayucan, Benito Ju\u00e1rez, Catemaco, Cazones, Coatzacoalcos, Chicontepec, Chinameca, Huayacocotla, Hueyapan de Ocampo, Ilamatl\u00e1n, Isla, Ixhuatl\u00e1n de Madero, J\u00e1ltipan, Jes\u00fas Carranza, Juan Rodr\u00edguez Clara y Mecayapan.<\/p>\n\n\n\n<p>En la lista tambi\u00e9n aparecen Oluta, Ozualuama, Pajapan, P\u00e1nuco, Playa Vicente, Pueblo Viejo, San Andr\u00e9s Tuxtla, San Juan Evangelista, Santiago Tuxtla, Sayula de Alem\u00e1n, Soconusco, Soteapan, Tampico Alto.<\/p>\n\n\n\n<p>Tambi\u00e9n se ubican en esta condici\u00f3n los municipios de Castillo de Teayo, Temapache, Tepetzintla, Jos\u00e9 Azueta, Texcatepec, Tihuatl\u00e1n, Tlachichilco, Tuxpan, Zacualpan, Zontecomatl\u00e1n y Tatahuicapan.<\/p>\n","protected":false},"excerpt":{"rendered":"<p>Sam Ojeda\u00a0\/ NV Noticias Xalapa.- La jefa de Hidrometeorolog\u00eda de la Comisi\u00f3n Nacional del Agua (Conagua), Jessica Luna Lagunes, inform\u00f3 que hay 41 municipios considerados con sequ\u00eda moderada, que significa una disminuci\u00f3n de cuatro con respecto al reporte anterior.\u00a0 Dijo que 11 de los 41 municipios con sequ\u00eda moderada est\u00e1n en 11 en las cuencas [&hellip;]<\/p>\n","protected":false},"author":8,"featured_media":18300,"comment_status":"open","ping_status":"open","sticky":false,"template":"","format":"standard","meta":{"_monsterinsights_skip_tracking":false,"_monsterinsights_sitenote_active":false,"_monsterinsights_sitenote_note":"","_monsterinsights_sitenote_category":0,"footnotes":""},"categories":[156],"tags":[1576,2810,10881,180],"class_list":["post-49075","post","type-post","status-publish","format-standard","has-post-thumbnail","hentry","category-estado","tag-conagua","tag-municipios","tag-sequia-moderada","tag-veracruz","wp-image-borders"],"amp_enabled":true,"_links":{"self":[{"href":"https:\/\/nvnoticias.mx\/index.php\/wp-json\/wp\/v2\/posts\/49075","targetHints":{"allow":["GET"]}}],"collection":[{"href":"https:\/\/nvnoticias.mx\/index.php\/wp-json\/wp\/v2\/posts"}],"about":[{"href":"https:\/\/nvnoticias.mx\/index.php\/wp-json\/wp\/v2\/types\/post"}],"author":[{"embeddable":true,"href":"https:\/\/nvnoticias.mx\/index.php\/wp-json\/wp\/v2\/users\/8"}],"replies":[{"embeddable":true,"href":"https:\/\/nvnoticias.mx\/index.php\/wp-json\/wp\/v2\/comments?post=49075"}],"version-history":[{"count":1,"href":"https:\/\/nvnoticias.mx\/index.php\/wp-json\/wp\/v2\/posts\/49075\/revisions"}],"predecessor-version":[{"id":49076,"href":"https:\/\/nvnoticias.mx\/index.php\/wp-json\/wp\/v2\/posts\/49075\/revisions\/49076"}],"wp:featuredmedia":[{"embeddable":true,"href":"https:\/\/nvnoticias.mx\/index.php\/wp-json\/wp\/v2\/media\/18300"}],"wp:attachment":[{"href":"https:\/\/nvnoticias.mx\/index.php\/wp-json\/wp\/v2\/media?parent=49075"}],"wp:term":[{"taxonomy":"category","embeddable":true,"href":"https:\/\/nvnoticias.mx\/index.php\/wp-json\/wp\/v2\/categories?post=49075"},{"taxonomy":"post_tag","embeddable":true,"href":"https:\/\/nvnoticias.mx\/index.php\/wp-json\/wp\/v2\/tags?post=49075"}],"curies":[{"name":"wp","href":"https:\/\/api.w.org\/{rel}","templated":true}]}}