{"id":49037,"date":"2022-04-08T21:30:49","date_gmt":"2022-04-09T02:30:49","guid":{"rendered":"https:\/\/nvnoticias.mx\/?p=49037"},"modified":"2022-04-08T21:30:50","modified_gmt":"2022-04-09T02:30:50","slug":"aplicara-xalapa-ley-seca-este-fin-de-semana","status":"publish","type":"post","link":"https:\/\/nvnoticias.mx\/index.php\/2022\/04\/08\/aplicara-xalapa-ley-seca-este-fin-de-semana\/","title":{"rendered":"Aplicar\u00e1 Xalapa Ley Seca este fin de semana"},"content":{"rendered":"\n<p>Con el fin de estar en concordancia con el decreto emitido por el gobernador del estado Cuitl\u00e1huac Garc\u00eda Jim\u00e9nez con motivo de la consulta de Revocaci\u00f3n de Mandato, el Ayuntamiento de Xalapa aplicar\u00e1 la llamada Ley Seca en el municipio desde las 23:00 de este s\u00e1bado 9 de abril hasta el domingo 10 de abril a las 19:00 horas.<\/p>\n\n\n\n<p>Esta medida tiene el objetivo de contribuir a que el proceso de consulta para la Revocaci\u00f3n de Mandato, organizada por el Instituto Nacional Electoral (INE), se desarrolle de la mejor manera y de acuerdo con la legislaci\u00f3n vigente.<\/p>\n\n\n\n<p>Por ello, durante el periodo comprendido de las 23:00 horas del 9 de abril hasta las 19:00 horas del 10 de abril, se suspender\u00e1 la venta de bebidas alcoh\u00f3licas en el territorio municipal, de acuerdo con las adecuaciones hechas al n\u00famero extraordinario 026 de la Gaceta Municipal, publicado este viernes.<\/p>\n\n\n\n<p>En el documento se ordena la suspensi\u00f3n temporal de las actividades para el consumo y venta de bebidas alcoh\u00f3licas en todas sus presentaciones, as\u00ed como sus derivados en envase abierto, cerrado o preparado.<\/p>\n\n\n\n<p>La medida aplica para establecimientos mercantiles tales como vinater\u00edas, tiendas de abarrotes, supermercados con licencia para venta de vinos y licores y tiendas de autoservicio.<\/p>\n\n\n\n<p>En caso de incumplimiento, el documento establece que quienes infrinjan la disposici\u00f3n se sujetar\u00e1n a las sanciones dispuestas en el Reglamento de Desarrollo Econ\u00f3mico, as\u00ed como en los reglamentos municipales en la materia, por lo que se instruy\u00f3 al Departamento de Inspecci\u00f3n y Atenci\u00f3n Comercial (DIAC) a realizar las acciones conducentes para vigilar el cumplimiento de este acuerdo.<\/p>\n","protected":false},"excerpt":{"rendered":"<p>Con el fin de estar en concordancia con el decreto emitido por el gobernador del estado Cuitl\u00e1huac Garc\u00eda Jim\u00e9nez con motivo de la consulta de Revocaci\u00f3n de Mandato, el Ayuntamiento de Xalapa aplicar\u00e1 la llamada Ley Seca en el municipio desde las 23:00 de este s\u00e1bado 9 de abril hasta el domingo 10 de abril [&hellip;]<\/p>\n","protected":false},"author":7,"featured_media":49038,"comment_status":"open","ping_status":"open","sticky":false,"template":"","format":"standard","meta":{"_monsterinsights_skip_tracking":false,"_monsterinsights_sitenote_active":false,"_monsterinsights_sitenote_note":"","_monsterinsights_sitenote_category":0,"footnotes":""},"categories":[156],"tags":[5280,5354,312],"class_list":["post-49037","post","type-post","status-publish","format-standard","has-post-thumbnail","hentry","category-estado","tag-ley-seca","tag-revocacion-de-mandato","tag-xalapa","wp-image-borders"],"amp_enabled":true,"_links":{"self":[{"href":"https:\/\/nvnoticias.mx\/index.php\/wp-json\/wp\/v2\/posts\/49037","targetHints":{"allow":["GET"]}}],"collection":[{"href":"https:\/\/nvnoticias.mx\/index.php\/wp-json\/wp\/v2\/posts"}],"about":[{"href":"https:\/\/nvnoticias.mx\/index.php\/wp-json\/wp\/v2\/types\/post"}],"author":[{"embeddable":true,"href":"https:\/\/nvnoticias.mx\/index.php\/wp-json\/wp\/v2\/users\/7"}],"replies":[{"embeddable":true,"href":"https:\/\/nvnoticias.mx\/index.php\/wp-json\/wp\/v2\/comments?post=49037"}],"version-history":[{"count":1,"href":"https:\/\/nvnoticias.mx\/index.php\/wp-json\/wp\/v2\/posts\/49037\/revisions"}],"predecessor-version":[{"id":49039,"href":"https:\/\/nvnoticias.mx\/index.php\/wp-json\/wp\/v2\/posts\/49037\/revisions\/49039"}],"wp:featuredmedia":[{"embeddable":true,"href":"https:\/\/nvnoticias.mx\/index.php\/wp-json\/wp\/v2\/media\/49038"}],"wp:attachment":[{"href":"https:\/\/nvnoticias.mx\/index.php\/wp-json\/wp\/v2\/media?parent=49037"}],"wp:term":[{"taxonomy":"category","embeddable":true,"href":"https:\/\/nvnoticias.mx\/index.php\/wp-json\/wp\/v2\/categories?post=49037"},{"taxonomy":"post_tag","embeddable":true,"href":"https:\/\/nvnoticias.mx\/index.php\/wp-json\/wp\/v2\/tags?post=49037"}],"curies":[{"name":"wp","href":"https:\/\/api.w.org\/{rel}","templated":true}]}}