{"id":48938,"date":"2022-04-08T12:48:31","date_gmt":"2022-04-08T17:48:31","guid":{"rendered":"https:\/\/nvnoticias.mx\/?p=48938"},"modified":"2022-04-08T12:48:31","modified_gmt":"2022-04-08T17:48:31","slug":"liberan-a-migrantes-privados-de-su-libertad-en-el-estado-de-veracruz","status":"publish","type":"post","link":"https:\/\/nvnoticias.mx\/index.php\/2022\/04\/08\/liberan-a-migrantes-privados-de-su-libertad-en-el-estado-de-veracruz\/","title":{"rendered":"Liberan a migrantes privados de su libertad en el estado de Veracruz"},"content":{"rendered":"\n<p><strong>Sam Ojeda\u00a0\/ NV Noticias<\/strong><\/p>\n\n\n\n<p>Xalapa.- El gobernador Cuitl\u00e1huac Garc\u00eda Jim\u00e9nez confirm\u00f3 que este viernes fueron rescatados migrantes que hab\u00edan sido privados de su libertad en el estado de Veracruz.<\/p>\n\n\n\n<p>Dijo que los migrantes fueron liberados pero que mediante un operativo lograron ser rescatados, aunque no dio m\u00e1s detalles sobre d\u00f3nde fueron hallados.\u00a0<\/p>\n\n\n\n<blockquote class=\"wp-block-quote is-layout-flow wp-block-quote-is-layout-flow\"><p>\u201c<em>Se liberaron a migrantes que ten\u00edan retenidos, privados de su libertad. Vamos a esperar a que se concluya el operativo para informar pero esto ocurri\u00f3 hoy<\/em>\u201d, dijo. \u00a0<\/p><\/blockquote>\n\n\n\n<p>Entrevistado en el banderazo de inicio de operativo de Semana Santa, dijo que participar\u00e1n m\u00e1s de 12 mil 200 elementos, de los cuales 750 corresponden a miembros de la Secretar\u00eda de la Defensa Nacional (Sedena) y de la Marina-Armada de M\u00e9xico. \u00a0<\/p>\n\n\n\n<blockquote class=\"wp-block-quote is-layout-flow wp-block-quote-is-layout-flow\"><p>\u201c<em>Todo apunta a que ser\u00e1 un buen periodo vacacional para Veracruz, con una importante derrama de turistas porque har\u00e1 calor, ser\u00e1 ideal la visita a playas y cuerpos de agua<\/em>\u201d, indic\u00f3.<\/p><\/blockquote>\n\n\n\n<p>\u00a0Destac\u00f3 la participaci\u00f3n coordinada de 29 municipios con la Secretar\u00eda de Protecci\u00f3n Civil para atender a los turistas que lleguen a la entidad veracruzana.<\/p>\n\n\n\n<p>\u00a0Sobre la ocupaci\u00f3n hotelera se han tenido varios fines de semana con una ocupaci\u00f3n del 100 por ciento, sobre todo en la zona conurbada Veracruz-Boca del R\u00edo.<\/p>\n\n\n\n<p>Cuestionado sobre si los miembros de su gabinete tendr\u00e1n d\u00edas de asueto, el mandatario afirm\u00f3 que todos seguir\u00e1n trabajando de manera normal durante la Semana Santa.\u00a0<\/p>\n","protected":false},"excerpt":{"rendered":"<p>Sam Ojeda\u00a0\/ NV Noticias Xalapa.- El gobernador Cuitl\u00e1huac Garc\u00eda Jim\u00e9nez confirm\u00f3 que este viernes fueron rescatados migrantes que hab\u00edan sido privados de su libertad en el estado de Veracruz. Dijo que los migrantes fueron liberados pero que mediante un operativo lograron ser rescatados, aunque no dio m\u00e1s detalles sobre d\u00f3nde fueron hallados.\u00a0 \u201cSe liberaron a [&hellip;]<\/p>\n","protected":false},"author":8,"featured_media":48942,"comment_status":"open","ping_status":"open","sticky":false,"template":"","format":"standard","meta":{"_monsterinsights_skip_tracking":false,"_monsterinsights_sitenote_active":false,"_monsterinsights_sitenote_note":"","_monsterinsights_sitenote_category":0,"footnotes":""},"categories":[156],"tags":[13162,452,180],"class_list":["post-48938","post","type-post","status-publish","format-standard","has-post-thumbnail","hentry","category-estado","tag-liberados","tag-migrantes","tag-veracruz","wp-image-borders"],"amp_enabled":true,"_links":{"self":[{"href":"https:\/\/nvnoticias.mx\/index.php\/wp-json\/wp\/v2\/posts\/48938","targetHints":{"allow":["GET"]}}],"collection":[{"href":"https:\/\/nvnoticias.mx\/index.php\/wp-json\/wp\/v2\/posts"}],"about":[{"href":"https:\/\/nvnoticias.mx\/index.php\/wp-json\/wp\/v2\/types\/post"}],"author":[{"embeddable":true,"href":"https:\/\/nvnoticias.mx\/index.php\/wp-json\/wp\/v2\/users\/8"}],"replies":[{"embeddable":true,"href":"https:\/\/nvnoticias.mx\/index.php\/wp-json\/wp\/v2\/comments?post=48938"}],"version-history":[{"count":1,"href":"https:\/\/nvnoticias.mx\/index.php\/wp-json\/wp\/v2\/posts\/48938\/revisions"}],"predecessor-version":[{"id":48943,"href":"https:\/\/nvnoticias.mx\/index.php\/wp-json\/wp\/v2\/posts\/48938\/revisions\/48943"}],"wp:featuredmedia":[{"embeddable":true,"href":"https:\/\/nvnoticias.mx\/index.php\/wp-json\/wp\/v2\/media\/48942"}],"wp:attachment":[{"href":"https:\/\/nvnoticias.mx\/index.php\/wp-json\/wp\/v2\/media?parent=48938"}],"wp:term":[{"taxonomy":"category","embeddable":true,"href":"https:\/\/nvnoticias.mx\/index.php\/wp-json\/wp\/v2\/categories?post=48938"},{"taxonomy":"post_tag","embeddable":true,"href":"https:\/\/nvnoticias.mx\/index.php\/wp-json\/wp\/v2\/tags?post=48938"}],"curies":[{"name":"wp","href":"https:\/\/api.w.org\/{rel}","templated":true}]}}