{"id":48935,"date":"2022-04-08T12:42:55","date_gmt":"2022-04-08T17:42:55","guid":{"rendered":"https:\/\/nvnoticias.mx\/?p=48935"},"modified":"2022-04-08T12:42:56","modified_gmt":"2022-04-08T17:42:56","slug":"asegura-ken-salazar-que-mexico-y-eu-estaran-unidos-para-siempre","status":"publish","type":"post","link":"https:\/\/nvnoticias.mx\/index.php\/2022\/04\/08\/asegura-ken-salazar-que-mexico-y-eu-estaran-unidos-para-siempre\/","title":{"rendered":"Asegura Ken Salazar que M\u00e9xico y EU estar\u00e1n unidos para siempre"},"content":{"rendered":"\n<p>Tras una semana de tensiones en torno a la reforma el\u00e9ctrica y que concluyeron ayer con el aval de la Suprema Corte de Justicia de la Naci\u00f3n a la constitucionalidad de la Ley de la Industria El\u00e9ctrica, el embajador de Estados Unidos en M\u00e9xico, Ken Salazar, se limit\u00f3 a decir que la uni\u00f3n entre ambas naciones ser\u00e1 para siempre.<\/p>\n\n\n\n<p>Tras una reuni\u00f3n con el secretario de Hacienda, Rogelio Ram\u00edrez de la O, en Palacio Nacional, el diplom\u00e1tico afirm\u00f3 que las relaciones bilaterales van por buen camino, al tiempo que destac\u00f3 que la econom\u00eda de ambos pa\u00edses est\u00e1 integrada.<\/p>\n\n\n\n<blockquote class=\"wp-block-quote is-layout-flow wp-block-quote-is-layout-flow\"><p>\u201cLa uni\u00f3n entre Estados Unidos y M\u00e9xico es para siempre porque estamos integrados en nuestra econom\u00eda y en los pueblos de Estados Unidos y M\u00e9xico, vamos hallando un buen camino\u201d, se limit\u00f3 a decir el embajador, quien fue cuestionado sobre la reforma el\u00e9ctrica y las cr\u00edticas del presidente Andr\u00e9s Manuel L\u00f3pez Obrador.<\/p><\/blockquote>\n\n\n\n<p>Fuente: <a href=\"https:\/\/www.forbes.com.mx\/ken-salazar-aminora-tension-por-reforma-electrica-mexico-y-eu-estaremos-unidos\/\" data-type=\"URL\" data-id=\"https:\/\/www.forbes.com.mx\/ken-salazar-aminora-tension-por-reforma-electrica-mexico-y-eu-estaremos-unidos\/\">Forbes <\/a><\/p>\n","protected":false},"excerpt":{"rendered":"<p>Tras una semana de tensiones en torno a la reforma el\u00e9ctrica y que concluyeron ayer con el aval de la Suprema Corte de Justicia de la Naci\u00f3n a la constitucionalidad de la Ley de la Industria El\u00e9ctrica, el embajador de Estados Unidos en M\u00e9xico, Ken Salazar, se limit\u00f3 a decir que la uni\u00f3n entre ambas [&hellip;]<\/p>\n","protected":false},"author":35,"featured_media":46734,"comment_status":"open","ping_status":"open","sticky":false,"template":"","format":"standard","meta":{"_monsterinsights_skip_tracking":false,"_monsterinsights_sitenote_active":false,"_monsterinsights_sitenote_note":"","_monsterinsights_sitenote_category":0,"footnotes":""},"categories":[157],"tags":[7328,183,13159,5523,292,13161,13160],"class_list":["post-48935","post","type-post","status-publish","format-standard","has-post-thumbnail","hentry","category-nacional","tag-asegura","tag-estados-unidos","tag-estaran","tag-ken-salazar","tag-mexico","tag-siempre","tag-unidos","wp-image-borders"],"amp_enabled":true,"_links":{"self":[{"href":"https:\/\/nvnoticias.mx\/index.php\/wp-json\/wp\/v2\/posts\/48935","targetHints":{"allow":["GET"]}}],"collection":[{"href":"https:\/\/nvnoticias.mx\/index.php\/wp-json\/wp\/v2\/posts"}],"about":[{"href":"https:\/\/nvnoticias.mx\/index.php\/wp-json\/wp\/v2\/types\/post"}],"author":[{"embeddable":true,"href":"https:\/\/nvnoticias.mx\/index.php\/wp-json\/wp\/v2\/users\/35"}],"replies":[{"embeddable":true,"href":"https:\/\/nvnoticias.mx\/index.php\/wp-json\/wp\/v2\/comments?post=48935"}],"version-history":[{"count":1,"href":"https:\/\/nvnoticias.mx\/index.php\/wp-json\/wp\/v2\/posts\/48935\/revisions"}],"predecessor-version":[{"id":48939,"href":"https:\/\/nvnoticias.mx\/index.php\/wp-json\/wp\/v2\/posts\/48935\/revisions\/48939"}],"wp:featuredmedia":[{"embeddable":true,"href":"https:\/\/nvnoticias.mx\/index.php\/wp-json\/wp\/v2\/media\/46734"}],"wp:attachment":[{"href":"https:\/\/nvnoticias.mx\/index.php\/wp-json\/wp\/v2\/media?parent=48935"}],"wp:term":[{"taxonomy":"category","embeddable":true,"href":"https:\/\/nvnoticias.mx\/index.php\/wp-json\/wp\/v2\/categories?post=48935"},{"taxonomy":"post_tag","embeddable":true,"href":"https:\/\/nvnoticias.mx\/index.php\/wp-json\/wp\/v2\/tags?post=48935"}],"curies":[{"name":"wp","href":"https:\/\/api.w.org\/{rel}","templated":true}]}}