{"id":48928,"date":"2022-04-08T12:27:56","date_gmt":"2022-04-08T17:27:56","guid":{"rendered":"https:\/\/nvnoticias.mx\/?p=48928"},"modified":"2022-04-08T12:27:57","modified_gmt":"2022-04-08T17:27:57","slug":"incendio-en-perote-afecto-a-100-hectareas-de-bosque","status":"publish","type":"post","link":"https:\/\/nvnoticias.mx\/index.php\/2022\/04\/08\/incendio-en-perote-afecto-a-100-hectareas-de-bosque\/","title":{"rendered":"Incendio en Perote afect\u00f3 a 100 hect\u00e1reas de bosque"},"content":{"rendered":"\n<p><strong>Sam Ojeda\u00a0\/ NV Noticias<\/strong><\/p>\n\n\n\n<p>Xalapa.- La secretaria de Protecci\u00f3n Civil, Guadalupe Osorno Maldonado inform\u00f3 que el incendio\u00a0 en el paraje Agua Parda del Valle de Perote afect\u00f3 alrededor de 100 hect\u00e1reas de bosque dentro del parque nacional.<\/p>\n\n\n\n<p>No obstante, indic\u00f3 que el da\u00f1o todav\u00eda est\u00e1 siendo cuantificado por la Comisi\u00f3n Nacional Forestal (Conafor).<\/p>\n\n\n\n<blockquote class=\"wp-block-quote is-layout-flow wp-block-quote-is-layout-flow\"><p>\u201c<em>Es el incendio m\u00e1s extenso que hemos tenido en esta temporada, hace falta que Conafor y Sedema haga los c\u00e1lculos precisos pero se hablada de entre 80 a 100 hect\u00e1reas<\/em>\u201d.<\/p><\/blockquote>\n\n\n\n<p> \u00a0Dijo que se trat\u00f3 de un escenario dif\u00edcil pero que fue controlado al 85 por ciento durante la tarde-noche de este jueves.<\/p>\n\n\n\n<blockquote class=\"wp-block-quote is-layout-flow wp-block-quote-is-layout-flow\"><p>\u201c<em>En la ma\u00f1ana ten\u00edamos 60 por ciento de control y por la tarde me desplac\u00e9 con Conafor y estuvimos ah\u00ed para dar el cierre, nos dijeron que ya estaba controlado. Se qued\u00f3 en 85 por ciento de liquidaci\u00f3n con algunos puntos al interior de la mancha pero no se\u00a0 iba a extender m\u00e1s<\/em>\u201d.\u00a0<\/p><\/blockquote>\n\n\n\n<p>La funcionaria acept\u00f3 que este incendio desafortunadamente va a significar una p\u00e9rdida importante del medio ambiente, pero confi\u00f3 en que se pueda resarcir en tiempo r\u00e9cord.<\/p>\n\n\n\n<p>\u00a0No obstante, acept\u00f3 que hasta ahora se desconocen las causas que provocaron este incendio que se registr\u00f3 en el municipio dude Ixhuac\u00e1n de los Reyes, dado que esto debe ser investigado por autoridades forestales.\u00a0<\/p>\n","protected":false},"excerpt":{"rendered":"<p>Sam Ojeda\u00a0\/ NV Noticias Xalapa.- La secretaria de Protecci\u00f3n Civil, Guadalupe Osorno Maldonado inform\u00f3 que el incendio\u00a0 en el paraje Agua Parda del Valle de Perote afect\u00f3 alrededor de 100 hect\u00e1reas de bosque dentro del parque nacional. No obstante, indic\u00f3 que el da\u00f1o todav\u00eda est\u00e1 siendo cuantificado por la Comisi\u00f3n Nacional Forestal (Conafor). \u201cEs el [&hellip;]<\/p>\n","protected":false},"author":8,"featured_media":48598,"comment_status":"open","ping_status":"open","sticky":false,"template":"","format":"standard","meta":{"_monsterinsights_skip_tracking":false,"_monsterinsights_sitenote_active":false,"_monsterinsights_sitenote_note":"","_monsterinsights_sitenote_category":0,"footnotes":""},"categories":[156],"tags":[11792,10309,310,338],"class_list":["post-48928","post","type-post","status-publish","format-standard","has-post-thumbnail","hentry","category-estado","tag-bosque","tag-hectareas","tag-incendio","tag-perote","wp-image-borders"],"amp_enabled":true,"_links":{"self":[{"href":"https:\/\/nvnoticias.mx\/index.php\/wp-json\/wp\/v2\/posts\/48928","targetHints":{"allow":["GET"]}}],"collection":[{"href":"https:\/\/nvnoticias.mx\/index.php\/wp-json\/wp\/v2\/posts"}],"about":[{"href":"https:\/\/nvnoticias.mx\/index.php\/wp-json\/wp\/v2\/types\/post"}],"author":[{"embeddable":true,"href":"https:\/\/nvnoticias.mx\/index.php\/wp-json\/wp\/v2\/users\/8"}],"replies":[{"embeddable":true,"href":"https:\/\/nvnoticias.mx\/index.php\/wp-json\/wp\/v2\/comments?post=48928"}],"version-history":[{"count":1,"href":"https:\/\/nvnoticias.mx\/index.php\/wp-json\/wp\/v2\/posts\/48928\/revisions"}],"predecessor-version":[{"id":48929,"href":"https:\/\/nvnoticias.mx\/index.php\/wp-json\/wp\/v2\/posts\/48928\/revisions\/48929"}],"wp:featuredmedia":[{"embeddable":true,"href":"https:\/\/nvnoticias.mx\/index.php\/wp-json\/wp\/v2\/media\/48598"}],"wp:attachment":[{"href":"https:\/\/nvnoticias.mx\/index.php\/wp-json\/wp\/v2\/media?parent=48928"}],"wp:term":[{"taxonomy":"category","embeddable":true,"href":"https:\/\/nvnoticias.mx\/index.php\/wp-json\/wp\/v2\/categories?post=48928"},{"taxonomy":"post_tag","embeddable":true,"href":"https:\/\/nvnoticias.mx\/index.php\/wp-json\/wp\/v2\/tags?post=48928"}],"curies":[{"name":"wp","href":"https:\/\/api.w.org\/{rel}","templated":true}]}}