{"id":48915,"date":"2022-04-08T11:50:17","date_gmt":"2022-04-08T16:50:17","guid":{"rendered":"https:\/\/nvnoticias.mx\/?p=48915"},"modified":"2022-04-08T11:50:19","modified_gmt":"2022-04-08T16:50:19","slug":"inicia-operativo-de-seguridad-por-el-periodo-vacacional-de-semana-santa","status":"publish","type":"post","link":"https:\/\/nvnoticias.mx\/index.php\/2022\/04\/08\/inicia-operativo-de-seguridad-por-el-periodo-vacacional-de-semana-santa\/","title":{"rendered":"Inicia Operativo de Seguridad por el periodo vacacional de Semana Santa"},"content":{"rendered":"\n<p>Xalapa, Ver.- Con cuatro m\u00f3dulos de atenci\u00f3n distribuidos en el territorio municipal y total coordinaci\u00f3n con los distintos \u00f3rdenes de gobierno, Xalapa se suma al banderazo de inicio del Operativo Semana Santa 2022, asegur\u00f3 el presidente municipal Ricardo Ahued Bardahuil.<\/p>\n\n\n\n<p>En evento encabezado por el gobernador Cuitl\u00e1huac Garc\u00eda Jim\u00e9nez, el Alcalde exhort\u00f3 a la ciudadan\u00eda a estar pendiente de las recomendaciones emitidas por la autoridad, entre las que destac\u00f3 realizar una revisi\u00f3n exhaustiva de instalaciones de gas y dejar v\u00e1lvulas cerradas, si deciden salir de sus hogares por varios d\u00edas.<\/p>\n\n\n\n<p>Adem\u00e1s, solicitar a alg\u00fan vecino o familiar estar pendiente de su vivienda, pues a pesar de la importante cobertura territorial que la Polic\u00eda Municipal tiene, una corporaci\u00f3n jam\u00e1s ser\u00e1 suficiente para cuidar cada hogar en lo particular.<\/p>\n\n\n\n<p>Como parte de otras acciones de protecci\u00f3n, el Presidente Municipal dio a conocer que la Direcci\u00f3n de Medio Ambiente ya trabaja en el retiro de algunos \u00e1rboles en diversas calles y avenidas, mismos que cuentan con dict\u00e1menes que indican riesgo para las personas, mientras que otros ejemplares se encuentran en revisi\u00f3n por su edad o posibles enfermedades.<\/p>\n\n\n\n<figure class=\"wp-block-image size-large\"><img loading=\"lazy\" decoding=\"async\" width=\"1024\" height=\"683\" src=\"https:\/\/nvnoticias.mx\/wp-content\/uploads\/2022\/04\/WhatsApp-Image-2022-04-08-at-11.45.05-AM-1024x683.jpeg\" alt=\"\" class=\"wp-image-48916\" srcset=\"https:\/\/nvnoticias.mx\/wp-content\/uploads\/2022\/04\/WhatsApp-Image-2022-04-08-at-11.45.05-AM-1024x683.jpeg 1024w, https:\/\/nvnoticias.mx\/wp-content\/uploads\/2022\/04\/WhatsApp-Image-2022-04-08-at-11.45.05-AM-300x200.jpeg 300w, https:\/\/nvnoticias.mx\/wp-content\/uploads\/2022\/04\/WhatsApp-Image-2022-04-08-at-11.45.05-AM-768x512.jpeg 768w, https:\/\/nvnoticias.mx\/wp-content\/uploads\/2022\/04\/WhatsApp-Image-2022-04-08-at-11.45.05-AM-1536x1024.jpeg 1536w, https:\/\/nvnoticias.mx\/wp-content\/uploads\/2022\/04\/WhatsApp-Image-2022-04-08-at-11.45.05-AM.jpeg 1599w\" sizes=\"auto, (max-width: 1024px) 100vw, 1024px\" \/><\/figure>\n","protected":false},"excerpt":{"rendered":"<p>Xalapa, Ver.- Con cuatro m\u00f3dulos de atenci\u00f3n distribuidos en el territorio municipal y total coordinaci\u00f3n con los distintos \u00f3rdenes de gobierno, Xalapa se suma al banderazo de inicio del Operativo Semana Santa 2022, asegur\u00f3 el presidente municipal Ricardo Ahued Bardahuil. En evento encabezado por el gobernador Cuitl\u00e1huac Garc\u00eda Jim\u00e9nez, el Alcalde exhort\u00f3 a la ciudadan\u00eda [&hellip;]<\/p>\n","protected":false},"author":35,"featured_media":48917,"comment_status":"open","ping_status":"open","sticky":false,"template":"","format":"standard","meta":{"_monsterinsights_skip_tracking":false,"_monsterinsights_sitenote_active":false,"_monsterinsights_sitenote_note":"","_monsterinsights_sitenote_category":0,"footnotes":""},"categories":[156],"tags":[9065,13153,13154,1474],"class_list":["post-48915","post","type-post","status-publish","format-standard","has-post-thumbnail","hentry","category-estado","tag-inicia","tag-operativo-de-seguridad","tag-periodo-vacacional","tag-semana-santa","wp-image-borders"],"amp_enabled":true,"_links":{"self":[{"href":"https:\/\/nvnoticias.mx\/index.php\/wp-json\/wp\/v2\/posts\/48915","targetHints":{"allow":["GET"]}}],"collection":[{"href":"https:\/\/nvnoticias.mx\/index.php\/wp-json\/wp\/v2\/posts"}],"about":[{"href":"https:\/\/nvnoticias.mx\/index.php\/wp-json\/wp\/v2\/types\/post"}],"author":[{"embeddable":true,"href":"https:\/\/nvnoticias.mx\/index.php\/wp-json\/wp\/v2\/users\/35"}],"replies":[{"embeddable":true,"href":"https:\/\/nvnoticias.mx\/index.php\/wp-json\/wp\/v2\/comments?post=48915"}],"version-history":[{"count":1,"href":"https:\/\/nvnoticias.mx\/index.php\/wp-json\/wp\/v2\/posts\/48915\/revisions"}],"predecessor-version":[{"id":48918,"href":"https:\/\/nvnoticias.mx\/index.php\/wp-json\/wp\/v2\/posts\/48915\/revisions\/48918"}],"wp:featuredmedia":[{"embeddable":true,"href":"https:\/\/nvnoticias.mx\/index.php\/wp-json\/wp\/v2\/media\/48917"}],"wp:attachment":[{"href":"https:\/\/nvnoticias.mx\/index.php\/wp-json\/wp\/v2\/media?parent=48915"}],"wp:term":[{"taxonomy":"category","embeddable":true,"href":"https:\/\/nvnoticias.mx\/index.php\/wp-json\/wp\/v2\/categories?post=48915"},{"taxonomy":"post_tag","embeddable":true,"href":"https:\/\/nvnoticias.mx\/index.php\/wp-json\/wp\/v2\/tags?post=48915"}],"curies":[{"name":"wp","href":"https:\/\/api.w.org\/{rel}","templated":true}]}}