{"id":48858,"date":"2022-04-07T17:59:36","date_gmt":"2022-04-07T22:59:36","guid":{"rendered":"https:\/\/nvnoticias.mx\/?p=48858"},"modified":"2022-04-07T17:59:39","modified_gmt":"2022-04-07T22:59:39","slug":"policia-de-canada-capacita-a-agentes-de-hidalgo","status":"publish","type":"post","link":"https:\/\/nvnoticias.mx\/index.php\/2022\/04\/07\/policia-de-canada-capacita-a-agentes-de-hidalgo\/","title":{"rendered":"Polic\u00eda de Canad\u00e1 capacita a agentes de Hidalgo"},"content":{"rendered":"\n<p>Desarrollo de habilidades anal\u00edticas mediante metodolog\u00eda de inteligencia es parte de los conocimientos adquiridos durante la capacitaci\u00f3n que recibieron agentes policiales especializados de Hidalgo por parte de la Polic\u00eda Federal de Canad\u00e1. <\/p>\n\n\n\n<p>Durante tres d\u00edas, elementos de la Unidad Especializada de Combate al Secuestro de la Procuradur\u00eda General de Justicia de Hidalgo y oficiales de Polic\u00eda Estatal de la Secretar\u00eda de Seguridad P\u00fablica de Hidalgo conocieron nuevas habilidades de combate a la delincuencia mediante el uso de metodolog\u00edas de an\u00e1lisis en la atenci\u00f3n de delitos. <\/p>\n\n\n\n<figure class=\"wp-block-image is-resized\"><img loading=\"lazy\" decoding=\"async\" src=\"https:\/\/imagenes.milenio.com\/jL7lGcJ1f0XcDEmtExL7RuT8wxM=\/300x186\/https:\/\/www.milenio.com\/uploads\/media\/2022\/04\/07\/agentes-reciben-capacitacion-cortesia.jpeg\" alt=\"Agentes reciben capacitaci\u00f3n. (Cortes\u00eda)\" width=\"648\" height=\"402\"\/><\/figure>\n\n\n\n<p>Dentro de los trabajos se realizaron acciones para el desarrollo de an\u00e1lisis criminal y el cruce de informaci\u00f3n mediante la utilizaci\u00f3n de comunicaciones y fundamentos cient\u00edficos, lo que permite la definici\u00f3n de patrones ante la operaci\u00f3n de grupos delictivos que afectan a la sociedad a trav\u00e9s de su actividad ilegal. <\/p>\n\n\n\n<p>Estas tareas contribuyen a la homologaci\u00f3n de la metodolog\u00eda utilizada en la entidad, bajo los est\u00e1ndares de autoridades internacionales especializadas en el combate al crimen mediante inteligencia. <\/p>\n\n\n\n<p>Fuente: <a href=\"https:\/\/www.milenio.com\/policia\/policias-hidalgo-reciben-capacitacion-analisis-inteligencia\">Milenio<\/a><\/p>\n","protected":false},"excerpt":{"rendered":"<p>Desarrollo de habilidades anal\u00edticas mediante metodolog\u00eda de inteligencia es parte de los conocimientos adquiridos durante la capacitaci\u00f3n que recibieron agentes policiales especializados de Hidalgo por parte de la Polic\u00eda Federal de Canad\u00e1. Durante tres d\u00edas, elementos de la Unidad Especializada de Combate al Secuestro de la Procuradur\u00eda General de Justicia de Hidalgo y oficiales de [&hellip;]<\/p>\n","protected":false},"author":8,"featured_media":48859,"comment_status":"open","ping_status":"open","sticky":false,"template":"","format":"standard","meta":{"_monsterinsights_skip_tracking":false,"_monsterinsights_sitenote_active":false,"_monsterinsights_sitenote_note":"","_monsterinsights_sitenote_category":0,"footnotes":""},"categories":[157],"tags":[6925,887,3566,2193,1014],"class_list":["post-48858","post","type-post","status-publish","format-standard","has-post-thumbnail","hentry","category-nacional","tag-agentes","tag-canada-2","tag-capacitacion","tag-hidalgo","tag-policia","wp-image-borders"],"amp_enabled":true,"_links":{"self":[{"href":"https:\/\/nvnoticias.mx\/index.php\/wp-json\/wp\/v2\/posts\/48858","targetHints":{"allow":["GET"]}}],"collection":[{"href":"https:\/\/nvnoticias.mx\/index.php\/wp-json\/wp\/v2\/posts"}],"about":[{"href":"https:\/\/nvnoticias.mx\/index.php\/wp-json\/wp\/v2\/types\/post"}],"author":[{"embeddable":true,"href":"https:\/\/nvnoticias.mx\/index.php\/wp-json\/wp\/v2\/users\/8"}],"replies":[{"embeddable":true,"href":"https:\/\/nvnoticias.mx\/index.php\/wp-json\/wp\/v2\/comments?post=48858"}],"version-history":[{"count":1,"href":"https:\/\/nvnoticias.mx\/index.php\/wp-json\/wp\/v2\/posts\/48858\/revisions"}],"predecessor-version":[{"id":48860,"href":"https:\/\/nvnoticias.mx\/index.php\/wp-json\/wp\/v2\/posts\/48858\/revisions\/48860"}],"wp:featuredmedia":[{"embeddable":true,"href":"https:\/\/nvnoticias.mx\/index.php\/wp-json\/wp\/v2\/media\/48859"}],"wp:attachment":[{"href":"https:\/\/nvnoticias.mx\/index.php\/wp-json\/wp\/v2\/media?parent=48858"}],"wp:term":[{"taxonomy":"category","embeddable":true,"href":"https:\/\/nvnoticias.mx\/index.php\/wp-json\/wp\/v2\/categories?post=48858"},{"taxonomy":"post_tag","embeddable":true,"href":"https:\/\/nvnoticias.mx\/index.php\/wp-json\/wp\/v2\/tags?post=48858"}],"curies":[{"name":"wp","href":"https:\/\/api.w.org\/{rel}","templated":true}]}}