{"id":48833,"date":"2022-04-07T16:22:13","date_gmt":"2022-04-07T21:22:13","guid":{"rendered":"https:\/\/nvnoticias.mx\/?p=48833"},"modified":"2022-04-07T16:22:14","modified_gmt":"2022-04-07T21:22:14","slug":"ley-electrica-supera-prueba-de-constitucionalidad-sobre-libre-competencia","status":"publish","type":"post","link":"https:\/\/nvnoticias.mx\/index.php\/2022\/04\/07\/ley-electrica-supera-prueba-de-constitucionalidad-sobre-libre-competencia\/","title":{"rendered":"Ley El\u00e9ctrica supera prueba de constitucionalidad sobre libre competencia"},"content":{"rendered":"\n<p>Cuatro ministras y ministros se pronunciaron por la constitucionalidad del \u2018Orden de despacho en el sistema el\u00e9ctrico nacional\u2019, planteado en la\u00a0Ley de la Industria El\u00e9ctrica\u00a0promovida por el Presidente y apoyada por la mayor\u00eda de Morena en el Congreso.<\/p>\n\n\n\n<p>Aunque hay que esperar la sentencia final, con esta votaci\u00f3n la Corte apunta que\u00a0la ley no vulnera la libre competencia y concurrencia, reconocida en el art\u00edculo 28 constitucional.<\/p>\n\n\n\n<p>Fue la primera votaci\u00f3n clave en larga sesi\u00f3n del m\u00e1ximo tribunal, lo que determina que la norma se mantiene dentro del marco legal mexicano y aquellos inconformes con sus disposiciones tendr\u00e1n que acudir ante los tribunales para buscar sentencias individuales.\u00a0<\/p>\n\n\n\n<p>Las ministras Loretta Ortiz Ahlf, Yasm\u00edn Esquivel Mossa, y los ministros Alfredo Guti\u00e9rrez Ortiz Mena y Arturo Zald\u00edvar pusieron los cuatro votos clave para mantener la norma en el marco legal mexicano.<\/p>\n\n\n\n<p>Siete ministros y ministras se pronunciaron por expulsar la norma, por diversos motivos, pero al no alcanzar la votaci\u00f3n requerida de ocho votos se mantiene la ley, en lo que tiene que ver con\u00a0libre competencia y concurrencia.<\/p>\n\n\n\n<p>La Corte estudia el asunto de fondo en varios apartados.&nbsp;<\/p>\n\n\n\n<p>La sesi\u00f3n sigue para analizar temas de fondo claves: el trato nacional a la luz del tratado integral y progresista de asociaci\u00f3n transpac\u00edfico y del tratado entre M\u00e9xico, Estados Unidos y Canad\u00e1; mecanismo de certificados de energ\u00edas limpias; supuestos de revocaci\u00f3n permisos de autoabastecimiento y revisi\u00f3n obligatoria de los contratos suscritos con productores independientes de energ\u00eda; criterios del sistema el\u00e9ctrico nacional establecidos por la Secretar\u00eda de Energ\u00eda; tarifas para las y los usuarios finales del servicio de energ\u00eda el\u00e9ctrica; y principios del sistema el\u00e9ctrico nacional.<\/p>\n\n\n\n<p>Fuente: <a href=\"https:\/\/aristeguinoticias.com\/0704\/mexico\/ley-electrica-de-amlo-supera-prueba-de-constitucionalidad-sobre-libre-competencia\/\">Aristegui Noticias<\/a><\/p>\n","protected":false},"excerpt":{"rendered":"<p>Cuatro ministras y ministros se pronunciaron por la constitucionalidad del \u2018Orden de despacho en el sistema el\u00e9ctrico nacional\u2019, planteado en la\u00a0Ley de la Industria El\u00e9ctrica\u00a0promovida por el Presidente y apoyada por la mayor\u00eda de Morena en el Congreso. Aunque hay que esperar la sentencia final, con esta votaci\u00f3n la Corte apunta que\u00a0la ley no vulnera [&hellip;]<\/p>\n","protected":false},"author":8,"featured_media":48479,"comment_status":"open","ping_status":"open","sticky":false,"template":"","format":"standard","meta":{"_monsterinsights_skip_tracking":false,"_monsterinsights_sitenote_active":false,"_monsterinsights_sitenote_note":"","_monsterinsights_sitenote_category":0,"footnotes":""},"categories":[157],"tags":[13133,12929,13132,162],"class_list":["post-48833","post","type-post","status-publish","format-standard","has-post-thumbnail","hentry","category-nacional","tag-constitucionalidad","tag-ley-electrica","tag-libre-competencia","tag-portada","wp-image-borders"],"amp_enabled":true,"_links":{"self":[{"href":"https:\/\/nvnoticias.mx\/index.php\/wp-json\/wp\/v2\/posts\/48833","targetHints":{"allow":["GET"]}}],"collection":[{"href":"https:\/\/nvnoticias.mx\/index.php\/wp-json\/wp\/v2\/posts"}],"about":[{"href":"https:\/\/nvnoticias.mx\/index.php\/wp-json\/wp\/v2\/types\/post"}],"author":[{"embeddable":true,"href":"https:\/\/nvnoticias.mx\/index.php\/wp-json\/wp\/v2\/users\/8"}],"replies":[{"embeddable":true,"href":"https:\/\/nvnoticias.mx\/index.php\/wp-json\/wp\/v2\/comments?post=48833"}],"version-history":[{"count":1,"href":"https:\/\/nvnoticias.mx\/index.php\/wp-json\/wp\/v2\/posts\/48833\/revisions"}],"predecessor-version":[{"id":48834,"href":"https:\/\/nvnoticias.mx\/index.php\/wp-json\/wp\/v2\/posts\/48833\/revisions\/48834"}],"wp:featuredmedia":[{"embeddable":true,"href":"https:\/\/nvnoticias.mx\/index.php\/wp-json\/wp\/v2\/media\/48479"}],"wp:attachment":[{"href":"https:\/\/nvnoticias.mx\/index.php\/wp-json\/wp\/v2\/media?parent=48833"}],"wp:term":[{"taxonomy":"category","embeddable":true,"href":"https:\/\/nvnoticias.mx\/index.php\/wp-json\/wp\/v2\/categories?post=48833"},{"taxonomy":"post_tag","embeddable":true,"href":"https:\/\/nvnoticias.mx\/index.php\/wp-json\/wp\/v2\/tags?post=48833"}],"curies":[{"name":"wp","href":"https:\/\/api.w.org\/{rel}","templated":true}]}}