{"id":48798,"date":"2022-04-07T14:01:43","date_gmt":"2022-04-07T19:01:43","guid":{"rendered":"https:\/\/nvnoticias.mx\/?p=48798"},"modified":"2022-04-07T14:01:44","modified_gmt":"2022-04-07T19:01:44","slug":"el-tapado-i","status":"publish","type":"post","link":"https:\/\/nvnoticias.mx\/index.php\/2022\/04\/07\/el-tapado-i\/","title":{"rendered":"El tapado (I)"},"content":{"rendered":"\n<p><strong>Juan Jos\u00e9 Rodr\u00edguez Prats<\/strong><\/p>\n\n\n\n<blockquote class=\"wp-block-quote is-layout-flow wp-block-quote-is-layout-flow\"><p><em>Las viejas virtudes pol\u00edticas han quedado obsoletas<\/em><\/p><p><em>y las capacidades que ocupan su lugar determinan<\/em><\/p><p><em>qu\u00e9 tipo de dirigente va a ser m\u00e1s habitual.<\/em><\/p><cite><strong>Mois\u00e9s Naim<\/strong><\/cite><\/blockquote>\n\n\n\n<p>Hasta donde mis entendederas llegan, en la historia de las organizaciones pol\u00edticas se fueron experimentando varios m\u00e9todos que les permitieran continuidad, resolviendo el dif\u00edcil problema de la sucesi\u00f3n del poder. Desde la primitiva imposici\u00f3n por la fuerza que despu\u00e9s se torn\u00f3 hereditario, dando origen a las monarqu\u00edas, hasta el m\u00e1s civilizado \u2014con todo y sus degeneraciones\u2014 de que seamos los gobernados quienes elijamos a lo cual se arrib\u00f3 pasando por diversos ensayos de oligarqu\u00edas, dictaduras, revoluciones, y, en forma relevante, la adopci\u00f3n surgida en Roma. Esto es, que en un \u00faltimo acto de poder, el emperador designaba a su sucesor. Lo hizo por primera vez Julio C\u00e9sar, en su testamento, al heredar el mando supremo a su sobrino Augusto.<\/p>\n\n\n\n<p>El tema ha sido estudiado exhaustivamente. No hay historiador o fil\u00f3sofo de la pol\u00edtica que no aluda al tema de alguna manera. Digamos que ha sido la idea nuclear de la teor\u00eda del Estado. C\u00f3mo se obtiene y c\u00f3mo se ejerce el poder han constituido una de las preocupaciones m\u00e1s sentidas en todos los pueblos.<\/p>\n\n\n\n<p>M\u00e9xico ha tenido una azarosa historia, que no puede calificarse de prolongada, en una pr\u00e1ctica reiterada en la renovaci\u00f3n de sus poderes. De 1535 a 1821, Nueva Espa\u00f1a fue gobernada por 61 virreyes designados desde la pen\u00ednsula, quienes gobernaron en promedio periodos de cuatro a\u00f1os. Algunos deshonestos, otros gobernantes ejemplares, no se registran casos de crueldad. Las siguientes d\u00e9cadas, ya en nuestra vida independiente, fueron de una gran guerra civil, anarqu\u00eda, dos intentos de imperio y el involucramiento de conflictos internacionales. La Rep\u00fablica restaurada (1867) tuvo una vida ef\u00edmera y, a partir de 1876, una prolongada dictadura. Ya en 1917 se dieron los primeros escarceos del m\u00e9todo denominado de adopci\u00f3n. Lo explico en esta an\u00e9cdota personal.<\/p>\n\n\n\n<p>En 1986, escribiendo la biograf\u00eda de Adolfo Ruiz Cortines, entrevist\u00e9 a Benito Coquet, quien me platic\u00f3 que le obsequi\u00f3 al pol\u00edtico veracruzano las&nbsp;<em>Memorias de Adriano<\/em>, de Marguerite Yourcenar. Tiempo despu\u00e9s, al comentar el libro, don Adolfo le dijo que hab\u00eda un p\u00e1rrafo que le hizo relacionar a los romanos con los mexicanos en la forma de designar a su sucesor. Rele\u00ed la extraordinaria novela y me parece haberlo encontrado. Transcribo la idea central: \u201cEl Imperio debe pasar al m\u00e1s digno; bello es que un hombre que ha probado su competencia en el manejo de los negocios mundiales, elija su reemplazante, y que una decisi\u00f3n de tan profundas consecuencias sea al mismo tiempo su \u00faltimo privilegio y su \u00faltimo servicio al Estado\u201d.<\/p>\n\n\n\n<p>Venustiano Carranza lo intent\u00f3 en 1920 al pretender designar a un civil, Ignacio Bonilla, con buenos antecedentes, para garantizar un buen gobierno. Fatales fueron las consecuencias. Provoc\u00f3 la rebeli\u00f3n militar encabezada por \u00c1lvaro Obreg\u00f3n y le cost\u00f3 la vida. A su vez, Obreg\u00f3n s\u00ed impuso a Plutarco El\u00edas Calles, no sin aplastar violentamente la revoluci\u00f3n encabezada por Adolfo de la Huerta. Con el asesinato del presidente electo (Obreg\u00f3n, 1928), se anunci\u00f3 un cierto esquema institucional, aunque sigui\u00f3 prevaleciendo la voluntad del jefe m\u00e1ximo.<\/p>\n\n\n\n<p>El primer tapado fue Pascual Ortiz Rubio. En Sonora me platicaron una sabrosa an\u00e9cdota: Calles le manifest\u00f3 a Aar\u00f3n S\u00e1enz que \u00e9l ser\u00eda el candidato del reci\u00e9n creado Partido Nacional Revolucionario, pero que no se lo comentara a nadie. S\u00e1enz le dijo a su esposa que estaba a punto de acontecer el acto m\u00e1s importante de su vida. Ella consider\u00f3 que deb\u00edan celebrarlo y procedi\u00f3 a hacerle un festejo sorpresa. Invit\u00f3 a la esposa de Calles, quien a su vez se lo dijo al presidente. En la convenci\u00f3n del partido, en el ba\u00f1o, se transmiti\u00f3 el cambio de consigna, dando el nombre de Ortiz Rubio. Cuando S\u00e1enz le reclam\u00f3 al presidente, \u00e9ste solamente exclam\u00f3: \u201cHablaste, Aar\u00f3n\u201d.<\/p>\n","protected":false},"excerpt":{"rendered":"<p>Juan Jos\u00e9 Rodr\u00edguez Prats Las viejas virtudes pol\u00edticas han quedado obsoletas y las capacidades que ocupan su lugar determinan qu\u00e9 tipo de dirigente va a ser m\u00e1s habitual. Mois\u00e9s Naim Hasta donde mis entendederas llegan, en la historia de las organizaciones pol\u00edticas se fueron experimentando varios m\u00e9todos que les permitieran continuidad, resolviendo el dif\u00edcil problema [&hellip;]<\/p>\n","protected":false},"author":17,"featured_media":48802,"comment_status":"open","ping_status":"open","sticky":false,"template":"","format":"standard","meta":{"_monsterinsights_skip_tracking":false,"_monsterinsights_sitenote_active":false,"_monsterinsights_sitenote_note":"","_monsterinsights_sitenote_category":0,"footnotes":""},"categories":[614],"tags":[397],"class_list":["post-48798","post","type-post","status-publish","format-standard","has-post-thumbnail","hentry","category-politica-de-principios","tag-juan-jose-rodriguez-prats-2","wp-image-borders"],"amp_enabled":true,"_links":{"self":[{"href":"https:\/\/nvnoticias.mx\/index.php\/wp-json\/wp\/v2\/posts\/48798","targetHints":{"allow":["GET"]}}],"collection":[{"href":"https:\/\/nvnoticias.mx\/index.php\/wp-json\/wp\/v2\/posts"}],"about":[{"href":"https:\/\/nvnoticias.mx\/index.php\/wp-json\/wp\/v2\/types\/post"}],"author":[{"embeddable":true,"href":"https:\/\/nvnoticias.mx\/index.php\/wp-json\/wp\/v2\/users\/17"}],"replies":[{"embeddable":true,"href":"https:\/\/nvnoticias.mx\/index.php\/wp-json\/wp\/v2\/comments?post=48798"}],"version-history":[{"count":1,"href":"https:\/\/nvnoticias.mx\/index.php\/wp-json\/wp\/v2\/posts\/48798\/revisions"}],"predecessor-version":[{"id":48805,"href":"https:\/\/nvnoticias.mx\/index.php\/wp-json\/wp\/v2\/posts\/48798\/revisions\/48805"}],"wp:featuredmedia":[{"embeddable":true,"href":"https:\/\/nvnoticias.mx\/index.php\/wp-json\/wp\/v2\/media\/48802"}],"wp:attachment":[{"href":"https:\/\/nvnoticias.mx\/index.php\/wp-json\/wp\/v2\/media?parent=48798"}],"wp:term":[{"taxonomy":"category","embeddable":true,"href":"https:\/\/nvnoticias.mx\/index.php\/wp-json\/wp\/v2\/categories?post=48798"},{"taxonomy":"post_tag","embeddable":true,"href":"https:\/\/nvnoticias.mx\/index.php\/wp-json\/wp\/v2\/tags?post=48798"}],"curies":[{"name":"wp","href":"https:\/\/api.w.org\/{rel}","templated":true}]}}