{"id":48763,"date":"2022-04-07T12:30:07","date_gmt":"2022-04-07T17:30:07","guid":{"rendered":"https:\/\/nvnoticias.mx\/?p=48763"},"modified":"2022-04-07T12:30:09","modified_gmt":"2022-04-07T17:30:09","slug":"aportaran-industriales-20-millones-de-metros-cubicos-de-agua-ante-crisis-en-monterrey","status":"publish","type":"post","link":"https:\/\/nvnoticias.mx\/index.php\/2022\/04\/07\/aportaran-industriales-20-millones-de-metros-cubicos-de-agua-ante-crisis-en-monterrey\/","title":{"rendered":"Aportar\u00e1n Industriales 20 millones de metros c\u00fabicos de agua ante crisis en Monterrey"},"content":{"rendered":"\n<p>Un grupo de empresas aportar\u00e1n m\u00e1s de 20 millones de metros c\u00fabicos de agua potable al a\u00f1o para resolver la crisis h\u00eddrica que en este momento afecta a los habitantes de la zona metropolitana de Monterrey, inform\u00f3\u00a0Rodrigo Fern\u00e1ndez Mart\u00ednez, presidente de la C\u00e1mara de la Industria de Transformaci\u00f3n (Caintra) de Nuevo Le\u00f3n.<\/p>\n\n\n\n<blockquote class=\"wp-block-quote is-layout-flow wp-block-quote-is-layout-flow\"><p>\u201cAl d\u00eda de hoy tenemos mapeados 20 millones de metros c\u00fabicos de agua y seguimos levantando todas las piedras, as\u00ed como seguimos buscando agua por todas partes y conforme vayamos encontrando la iremos poniendo sobre la mesa\u201d, explic\u00f3 el industrial.<\/p><\/blockquote>\n\n\n\n<p>El presidente de Caintra platic\u00f3 que en su comida del pasado martes con el presidente Andr\u00e9s Manuel L\u00f3pez Obrador en Palacio Nacional le presentaron como uno de los retos y problemas a resolver la escasez de agua.<\/p>\n\n\n\n<blockquote class=\"wp-block-quote is-layout-flow wp-block-quote-is-layout-flow\"><p>\u201cEncontramos un presidente de la Rep\u00fablica receptivo y para cada uno de los temas que design\u00f3 a un funcionario del gobierno federal para que trabajen en la soluci\u00f3n de los problema y algunos chats ya est\u00e1n empezando a funcionar\u201d, apunt\u00f3.<\/p><\/blockquote>\n\n\n\n<p>Hay voluntad pol\u00edtica del gobierno de L\u00f3pez Obrador y Samuel Garc\u00eda, mandatario estatal, para darle una soluci\u00f3n a la crisis del agua en Monterrey, por lo que apoyar\u00e1n y acompa\u00f1ar\u00e1n en las estrategias para resolver el problema.<\/p>\n\n\n\n<p>La industria de Monterrey est\u00e1 comprometida para resolver el problema y no importa cu\u00e1nta agua se consuma, porque es urgente reducir el faltante de agua registrado, coment\u00f3 el empresario en una conferencia de prensa.<\/p>\n\n\n\n<p>\u201cCon los proyectos que hemos visto hasta la fecha podemos aportar 20 millones de metros c\u00fabicos de agua al a\u00f1o, los cuales vienen de pozos de diferentes empresas\u201d, record\u00f3 el director general de Sigma Alimentos.<\/p>\n\n\n\n<p>Una empresa cuenta con concesiones de agua disponible y cede sus pozos, otras compa\u00f1\u00edas han ayudado a restablecer algunos pozos \u201cque estaban desatendidos y esos pozos son el consumo de agua total de esta empresa\u201d, expres\u00f3.<\/p>\n\n\n\n<p>El representante empresarial dijo que ayudar\u00e1n para reactivar y activar unos pozos profundos de agua, lo que llevar\u00e1 un poco m\u00e1s de tiempo, as\u00ed como dos pozos m\u00e1s de otra empresa donde puede salir algo de agua para la zona metropolitana de Monterrey, expone.<\/p>\n\n\n\n<p>La industria de Nuevo Le\u00f3n usar\u00e1 m\u00e1s agua tratada en sus procesos, porque desde hace varios a\u00f1os ha bajado en promedio m\u00e1s de 600 mil\u00edmetros la precipitaci\u00f3n anual de agua, se\u00f1al\u00f3 Fern\u00e1ndez Mart\u00ednez.<\/p>\n\n\n\n<p>Fuente: <a href=\"https:\/\/www.forbes.com.mx\/industriales-aportaran-20-millones-de-metros-cubicos-de-agua-ante-crisis-hidrica-en-monterrey\/\" data-type=\"URL\" data-id=\"https:\/\/www.forbes.com.mx\/industriales-aportaran-20-millones-de-metros-cubicos-de-agua-ante-crisis-hidrica-en-monterrey\/\">Forbes<\/a><\/p>\n","protected":false},"excerpt":{"rendered":"<p>Un grupo de empresas aportar\u00e1n m\u00e1s de 20 millones de metros c\u00fabicos de agua potable al a\u00f1o para resolver la crisis h\u00eddrica que en este momento afecta a los habitantes de la zona metropolitana de Monterrey, inform\u00f3\u00a0Rodrigo Fern\u00e1ndez Mart\u00ednez, presidente de la C\u00e1mara de la Industria de Transformaci\u00f3n (Caintra) de Nuevo Le\u00f3n. \u201cAl d\u00eda de [&hellip;]<\/p>\n","protected":false},"author":35,"featured_media":1832,"comment_status":"open","ping_status":"open","sticky":false,"template":"","format":"standard","meta":{"_monsterinsights_skip_tracking":false,"_monsterinsights_sitenote_active":false,"_monsterinsights_sitenote_note":"","_monsterinsights_sitenote_category":0,"footnotes":""},"categories":[157],"tags":[13102,717,13105,13103,13104,7643,466],"class_list":["post-48763","post","type-post","status-publish","format-standard","has-post-thumbnail","hentry","category-nacional","tag-aportara","tag-crisis","tag-cubicos-de-agua","tag-industriales","tag-metros","tag-millones","tag-monterrey","wp-image-borders"],"amp_enabled":true,"_links":{"self":[{"href":"https:\/\/nvnoticias.mx\/index.php\/wp-json\/wp\/v2\/posts\/48763","targetHints":{"allow":["GET"]}}],"collection":[{"href":"https:\/\/nvnoticias.mx\/index.php\/wp-json\/wp\/v2\/posts"}],"about":[{"href":"https:\/\/nvnoticias.mx\/index.php\/wp-json\/wp\/v2\/types\/post"}],"author":[{"embeddable":true,"href":"https:\/\/nvnoticias.mx\/index.php\/wp-json\/wp\/v2\/users\/35"}],"replies":[{"embeddable":true,"href":"https:\/\/nvnoticias.mx\/index.php\/wp-json\/wp\/v2\/comments?post=48763"}],"version-history":[{"count":1,"href":"https:\/\/nvnoticias.mx\/index.php\/wp-json\/wp\/v2\/posts\/48763\/revisions"}],"predecessor-version":[{"id":48766,"href":"https:\/\/nvnoticias.mx\/index.php\/wp-json\/wp\/v2\/posts\/48763\/revisions\/48766"}],"wp:featuredmedia":[{"embeddable":true,"href":"https:\/\/nvnoticias.mx\/index.php\/wp-json\/wp\/v2\/media\/1832"}],"wp:attachment":[{"href":"https:\/\/nvnoticias.mx\/index.php\/wp-json\/wp\/v2\/media?parent=48763"}],"wp:term":[{"taxonomy":"category","embeddable":true,"href":"https:\/\/nvnoticias.mx\/index.php\/wp-json\/wp\/v2\/categories?post=48763"},{"taxonomy":"post_tag","embeddable":true,"href":"https:\/\/nvnoticias.mx\/index.php\/wp-json\/wp\/v2\/tags?post=48763"}],"curies":[{"name":"wp","href":"https:\/\/api.w.org\/{rel}","templated":true}]}}