{"id":48757,"date":"2022-04-07T12:21:13","date_gmt":"2022-04-07T17:21:13","guid":{"rendered":"https:\/\/nvnoticias.mx\/?p=48757"},"modified":"2022-04-07T12:21:14","modified_gmt":"2022-04-07T17:21:14","slug":"critican-desinformacion-del-gobernador-sobre-autismo","status":"publish","type":"post","link":"https:\/\/nvnoticias.mx\/index.php\/2022\/04\/07\/critican-desinformacion-del-gobernador-sobre-autismo\/","title":{"rendered":"Critican desinformaci\u00f3n del Gobernador sobre autismo"},"content":{"rendered":"\n<p><strong>Sam Ojeda\u00a0\/ NV Noticias<\/strong><\/p>\n\n\n\n<p>Xalapa.- La directora del Instituto Mexicano de Investigaci\u00f3n y Desarrollo Integral (IMIDI), Karina Martinez Vera, critic\u00f3 que el gobernador de Veracruz, Cuitl\u00e1huac Garc\u00eda Jim\u00e9nez, se haya referido al autismo como una enfermedad, durante una conferencia de prensa reciente.<\/p>\n\n\n\n<blockquote class=\"wp-block-quote is-layout-flow wp-block-quote-is-layout-flow\"><p>\u201c<em>Hoy d\u00eda impera no solo el desinter\u00e9s\u00a0tambi\u00e9n el desconocimiento\u00a0 sobre el tema y para muestra un bot\u00f3n<\/em>\u201d, dijo al referirse a las declaraciones del mandatario.\u00a0<\/p><\/blockquote>\n\n\n\n<p>Y record\u00f3 que por esta misma declaraci\u00f3n la directora de la asociaci\u00f3n Crece autismo y discapacidad intelectual, Rosaura Demunere, pidi\u00f3 al morenista veracruzano informarse antes de dar una declaraci\u00f3n de este tipo.\u00a0<\/p>\n\n\n\n<blockquote class=\"wp-block-quote is-layout-flow wp-block-quote-is-layout-flow\"><p>\u201c<em>Es importante y urgente se informe acerca de lo que es y no es el autismo, el pasado 2 de abril se conmemor\u00f3 el d\u00eda internacional de la concienciaci\u00f3n del autismo. Por lo que es importante mencionar que no es una enfermedad, si no un trastorno del desarrollo neurol\u00f3gico. Tampoco es un padecimiento, lo que si se padece es la desinformaci\u00f3n y falta de oportunidades<\/em>\u201d.<\/p><\/blockquote>\n\n\n\n<p>En conferencia de prensa, insisti\u00f3 en que en el nivel municipal es urgente la creaci\u00f3n del Instituto Municipal Especializado para la inclusi\u00f3n de las personas en condici\u00f3n de discapacidad.<\/p>\n\n\n\n<p>Se\u00f1al\u00f3 que Ayuntamiento s\u00ed tiene atribuciones para crear los \u00f3rganos centralizados y desconcentrados que requiera la administraci\u00f3n p\u00fablica municipal para la mejor prestaci\u00f3n de los servicios de su competencia.  <\/p>\n\n\n\n<blockquote class=\"wp-block-quote is-layout-flow wp-block-quote-is-layout-flow\"><p>\u201c<em>\u00bfSer\u00e1 entonces que las personas en condici\u00f3n de discapacidad no fueron consideradas para su atenci\u00f3n dentro del presupuesto?\u201d, cuestion\u00f3.\u00a0<\/em><\/p><\/blockquote>\n","protected":false},"excerpt":{"rendered":"<p>Sam Ojeda\u00a0\/ NV Noticias Xalapa.- La directora del Instituto Mexicano de Investigaci\u00f3n y Desarrollo Integral (IMIDI), Karina Martinez Vera, critic\u00f3 que el gobernador de Veracruz, Cuitl\u00e1huac Garc\u00eda Jim\u00e9nez, se haya referido al autismo como una enfermedad, durante una conferencia de prensa reciente. \u201cHoy d\u00eda impera no solo el desinter\u00e9s\u00a0tambi\u00e9n el desconocimiento\u00a0 sobre el tema y [&hellip;]<\/p>\n","protected":false},"author":8,"featured_media":48760,"comment_status":"open","ping_status":"open","sticky":false,"template":"","format":"standard","meta":{"_monsterinsights_skip_tracking":false,"_monsterinsights_sitenote_active":false,"_monsterinsights_sitenote_note":"","_monsterinsights_sitenote_category":0,"footnotes":""},"categories":[156],"tags":[2779,965,271,162],"class_list":["post-48757","post","type-post","status-publish","format-standard","has-post-thumbnail","hentry","category-estado","tag-autismo","tag-cuitlahuac-garcia-jimenez","tag-gobernador","tag-portada","wp-image-borders"],"amp_enabled":true,"_links":{"self":[{"href":"https:\/\/nvnoticias.mx\/index.php\/wp-json\/wp\/v2\/posts\/48757","targetHints":{"allow":["GET"]}}],"collection":[{"href":"https:\/\/nvnoticias.mx\/index.php\/wp-json\/wp\/v2\/posts"}],"about":[{"href":"https:\/\/nvnoticias.mx\/index.php\/wp-json\/wp\/v2\/types\/post"}],"author":[{"embeddable":true,"href":"https:\/\/nvnoticias.mx\/index.php\/wp-json\/wp\/v2\/users\/8"}],"replies":[{"embeddable":true,"href":"https:\/\/nvnoticias.mx\/index.php\/wp-json\/wp\/v2\/comments?post=48757"}],"version-history":[{"count":1,"href":"https:\/\/nvnoticias.mx\/index.php\/wp-json\/wp\/v2\/posts\/48757\/revisions"}],"predecessor-version":[{"id":48761,"href":"https:\/\/nvnoticias.mx\/index.php\/wp-json\/wp\/v2\/posts\/48757\/revisions\/48761"}],"wp:featuredmedia":[{"embeddable":true,"href":"https:\/\/nvnoticias.mx\/index.php\/wp-json\/wp\/v2\/media\/48760"}],"wp:attachment":[{"href":"https:\/\/nvnoticias.mx\/index.php\/wp-json\/wp\/v2\/media?parent=48757"}],"wp:term":[{"taxonomy":"category","embeddable":true,"href":"https:\/\/nvnoticias.mx\/index.php\/wp-json\/wp\/v2\/categories?post=48757"},{"taxonomy":"post_tag","embeddable":true,"href":"https:\/\/nvnoticias.mx\/index.php\/wp-json\/wp\/v2\/tags?post=48757"}],"curies":[{"name":"wp","href":"https:\/\/api.w.org\/{rel}","templated":true}]}}