{"id":48700,"date":"2022-04-07T09:37:22","date_gmt":"2022-04-07T14:37:22","guid":{"rendered":"https:\/\/nvnoticias.mx\/?p=48700"},"modified":"2022-04-07T09:37:24","modified_gmt":"2022-04-07T14:37:24","slug":"advierte-bbva-que-reforma-electrica-afectaria-inversion","status":"publish","type":"post","link":"https:\/\/nvnoticias.mx\/index.php\/2022\/04\/07\/advierte-bbva-que-reforma-electrica-afectaria-inversion\/","title":{"rendered":"Advierte BBVA que reforma el\u00e9ctrica afectar\u00eda inversi\u00f3n"},"content":{"rendered":"\n<p>La reforma al sector el\u00e9ctrico propuesta por el presidente Andr\u00e9s Manuel L\u00f3pez Obrador podr\u00eda orillar a M\u00e9xico a una recesi\u00f3n econ\u00f3mica, advirti\u00f3 Carlos Serrano, economista en jefe de BBVA M\u00e9xico.<\/p>\n\n\n\n<p>En conferencia, el experto indic\u00f3 que este a\u00f1o la econom\u00eda local crecer\u00eda solo 1.2 por ciento, y ya no 2.2 por ciento como se estimaba anteriormente.<\/p>\n\n\n\n<p>Sin embargo, indic\u00f3 que a\u00fan persisten riesgos a la baja para este paup\u00e9rrimo crecimiento proyectado, entre los que destaca el avance a la reforma el\u00e9ctrica. Consider\u00f3 que, de avanzar esta propuesta tal como la plante\u00f3 el Ejecutivo, podr\u00eda minar la confianza de los inversionistas.<\/p>\n\n\n\n<blockquote class=\"wp-block-quote is-layout-flow wp-block-quote-is-layout-flow\"><p>\u201c(La reforma el\u00e9ctrica) afectar\u00eda la inversi\u00f3n por tres canales; el primer canal, simplemente la incertidumbre en un pa\u00eds donde se pueden afectar contratos; el segundo canal, es que hay muchas empresas que no quieren invertir en un pa\u00eds en donde la electricidad es m\u00e1s cara y m\u00e1s contaminante&#8230;, y en el tercer canal, bajo nuestra opini\u00f3n, esto representar\u00eda una violaci\u00f3n al tratado de libre comercio\u201d, destac\u00f3.<\/p><\/blockquote>\n\n\n\n<p>Ernesto O\u2019Farrill, presidente de Grupo Bursam\u00e9trica, coincidi\u00f3 que se mermar\u00edan significativamente las perspectivas econ\u00f3micas de este a\u00f1o, con un crecimiento del PIB de 1.5 por ciento este a\u00f1o.<\/p>\n\n\n\n<blockquote class=\"wp-block-quote is-layout-flow wp-block-quote-is-layout-flow\"><p>\u201cUna recesi\u00f3n es el riesgo m\u00e1s importante que tenemos enfrente, porque esta reforma podr\u00eda dar como consecuencia una estampida de empresas que tendr\u00edan que irse a producir a otro lado, empresas tanto mexicanas como extranjeras; entonces s\u00ed se podr\u00eda materializar una recesi\u00f3n\u201d, dijo, pues las regulaciones exigen energ\u00edas limpias.<\/p><\/blockquote>\n\n\n\n<p>O\u2019Farrill asever\u00f3 que, inclusive esta reforma podr\u00eda derivar en la expulsi\u00f3n de M\u00e9xico del T-MEC, pues \u201c\u00bfpara qu\u00e9 nos querr\u00edan nuestros socios comerciales si no podr\u00edamos generar energ\u00edas limpias?\u201d, dijo.<\/p>\n\n\n\n<p>Carlos L\u00f3pez Jones, director de la consultora Tendencias, prev\u00e9 que los efectos se comenzar\u00edan a verse en el mediano y largo plazo, ya que, por ejemplo, las controversias del T-MEC toman tiempo.<\/p>\n\n\n\n<blockquote class=\"wp-block-quote is-layout-flow wp-block-quote-is-layout-flow\"><p>\u201cTambi\u00e9n habr\u00e1 que ver que reacci\u00f3n tienen las empresas, pueden dejar de operar y en consecuencia habr\u00eda apagones y p\u00e9rdidas importantes, pero si deciden impugnar y seguir operando, no habr\u00eda afectaciones en el resto de la econom\u00eda, lo que s\u00ed ver\u00edamos ser\u00eda elevada volatilidad en el mercado cambiario y burs\u00e1til por la incertidumbre de estas medidas\u201d, subray\u00f3.<\/p><\/blockquote>\n\n\n\n<p>Por su parte, Jesuswaldo Mart\u00ednez, investigador econ\u00f3mico del Instituto Belisario Dom\u00ednguez, se\u00f1al\u00f3 que es razonable y posible que haya un impacto negativo en la econom\u00eda, ya que si se modifica el marco legal del sector el\u00e9ctrico, se est\u00e1 poniendo en riesgo el Estado de derecho, lo que afecta la certidumbre.<\/p>\n\n\n\n<blockquote class=\"wp-block-quote is-layout-flow wp-block-quote-is-layout-flow\"><p>\u201cSer\u00e1 previsible que las inversiones se retiren de un entorno que no garantiza el cumplimiento de los contratos y la rentabilidad del capital\u201d, dijo.<\/p><\/blockquote>\n\n\n\n<p>Juan Carlos Machorro, socio de Santamarina y Steta, indic\u00f3 que es necesario que la Suprema Corte de Justicia de la Naci\u00f3n (SCJN) cumpla con su labor constitucional, hoy que votar\u00e1 la legitimidad de la Ley de la Industria El\u00e9ctrica.<\/p>\n\n\n\n<p>\u201cEstos temas requieren de altura de miras y un an\u00e1lisis de t\u00e9cnica puramente constitucional, m\u00e1s all\u00e1 de filias y fobias pol\u00edticas y de la inmediatez electoral\u201d, indic\u00f3 el especialista.<\/p>\n\n\n\n<blockquote class=\"wp-block-quote is-layout-flow wp-block-quote-is-layout-flow\"><p>Por su parte, el Consejo Coordinador Empresarial (CCE), advirti\u00f3 en Twitter que la reforma el\u00e9ctrica \u201cimpedir\u00e1 y alejar\u00e1 a la inversi\u00f3n privada, por lo que nuestro pa\u00eds ir\u00eda en sentido contrario de la revoluci\u00f3n energ\u00e9tica global\u201d.<\/p><\/blockquote>\n\n\n\n<p>Fuente: <a href=\"https:\/\/www.elfinanciero.com.mx\/economia\/2022\/04\/07\/advierte-bbva-riesgo-de-recesion-si-pasa-la-reforma-electrica\/?outputType=amp\" data-type=\"URL\" data-id=\"https:\/\/www.elfinanciero.com.mx\/economia\/2022\/04\/07\/advierte-bbva-riesgo-de-recesion-si-pasa-la-reforma-electrica\/?outputType=amp\">El Financiero<\/a> <\/p>\n","protected":false},"excerpt":{"rendered":"<p>La reforma al sector el\u00e9ctrico propuesta por el presidente Andr\u00e9s Manuel L\u00f3pez Obrador podr\u00eda orillar a M\u00e9xico a una recesi\u00f3n econ\u00f3mica, advirti\u00f3 Carlos Serrano, economista en jefe de BBVA M\u00e9xico. En conferencia, el experto indic\u00f3 que este a\u00f1o la econom\u00eda local crecer\u00eda solo 1.2 por ciento, y ya no 2.2 por ciento como se estimaba [&hellip;]<\/p>\n","protected":false},"author":35,"featured_media":24975,"comment_status":"open","ping_status":"open","sticky":false,"template":"","format":"standard","meta":{"_monsterinsights_skip_tracking":false,"_monsterinsights_sitenote_active":false,"_monsterinsights_sitenote_note":"","_monsterinsights_sitenote_category":0,"footnotes":""},"categories":[157],"tags":[9204,13081,6139,254,162,1553],"class_list":["post-48700","post","type-post","status-publish","format-standard","has-post-thumbnail","hentry","category-nacional","tag-advierte","tag-afectaria","tag-bbva-mexico","tag-inversion","tag-portada","tag-reforma-electrica","wp-image-borders"],"amp_enabled":true,"_links":{"self":[{"href":"https:\/\/nvnoticias.mx\/index.php\/wp-json\/wp\/v2\/posts\/48700","targetHints":{"allow":["GET"]}}],"collection":[{"href":"https:\/\/nvnoticias.mx\/index.php\/wp-json\/wp\/v2\/posts"}],"about":[{"href":"https:\/\/nvnoticias.mx\/index.php\/wp-json\/wp\/v2\/types\/post"}],"author":[{"embeddable":true,"href":"https:\/\/nvnoticias.mx\/index.php\/wp-json\/wp\/v2\/users\/35"}],"replies":[{"embeddable":true,"href":"https:\/\/nvnoticias.mx\/index.php\/wp-json\/wp\/v2\/comments?post=48700"}],"version-history":[{"count":3,"href":"https:\/\/nvnoticias.mx\/index.php\/wp-json\/wp\/v2\/posts\/48700\/revisions"}],"predecessor-version":[{"id":48703,"href":"https:\/\/nvnoticias.mx\/index.php\/wp-json\/wp\/v2\/posts\/48700\/revisions\/48703"}],"wp:featuredmedia":[{"embeddable":true,"href":"https:\/\/nvnoticias.mx\/index.php\/wp-json\/wp\/v2\/media\/24975"}],"wp:attachment":[{"href":"https:\/\/nvnoticias.mx\/index.php\/wp-json\/wp\/v2\/media?parent=48700"}],"wp:term":[{"taxonomy":"category","embeddable":true,"href":"https:\/\/nvnoticias.mx\/index.php\/wp-json\/wp\/v2\/categories?post=48700"},{"taxonomy":"post_tag","embeddable":true,"href":"https:\/\/nvnoticias.mx\/index.php\/wp-json\/wp\/v2\/tags?post=48700"}],"curies":[{"name":"wp","href":"https:\/\/api.w.org\/{rel}","templated":true}]}}