{"id":48649,"date":"2022-04-06T15:00:07","date_gmt":"2022-04-06T20:00:07","guid":{"rendered":"https:\/\/nvnoticias.mx\/?p=48649"},"modified":"2022-04-06T15:00:08","modified_gmt":"2022-04-06T20:00:08","slug":"asalto-al-ine","status":"publish","type":"post","link":"https:\/\/nvnoticias.mx\/index.php\/2022\/04\/06\/asalto-al-ine\/","title":{"rendered":"Asalto al INE"},"content":{"rendered":"\n<p><strong>Ricardo Homs<\/strong><\/p>\n\n\n\n<p>La amenaza del presidente&nbsp;<strong>L\u00f3pez Obrador<\/strong>&nbsp;respecto a que despu\u00e9s del 10 de abril propondr\u00e1 una reforma electoral y con ella el INE ser\u00e1 desmantelado, es preocupante.<\/p>\n\n\n\n<p>Es una amenaza porque pretende meter presi\u00f3n a los funcionarios del instituto, a fin de que se dobleguen y hagan de la consulta de revocaci\u00f3n de mandato un \u00e9xito a gusto del presidente.<\/p>\n\n\n\n<p>Su obsesi\u00f3n por tomar el control electoral es evidente, pues sabe que s\u00f3lo a trav\u00e9s de ese camino podr\u00e1 darle continuidad a la cuarta transformaci\u00f3n que prometi\u00f3. Sin embargo, las propuestas que contendr\u00e1 esta iniciativa contienen temas preocupantes, como el planteamiento de someter a votaci\u00f3n popular los cargos de consejeros del INE, as\u00ed como la eliminaci\u00f3n de las plurinominales en ambas c\u00e1maras legislativas, entre otras ideas m\u00e1s.<\/p>\n\n\n\n<p>Sin embargo, el INE es un organismo t\u00e9cnico y operativo y no de representaci\u00f3n popular.<\/p>\n\n\n\n<p>Los cargos de representaci\u00f3n popular se ganan en elecciones a partir del carisma, la empat\u00eda y generar confianza de que, -en el cargo-, la voluntad popular se traducir\u00e1 en acciones.<\/p>\n\n\n\n<p>En contraste, los organismos t\u00e9cnicos y operativos, -como lo son el&nbsp;<strong>INE&nbsp;<\/strong>y el Tribunal Federal Electoral-, requieren de conocimiento profundo de la legislaci\u00f3n electoral y adem\u00e1s, experiencia que sustente la capacidad operativa necesaria para organizar elecciones.<\/p>\n\n\n\n<p>Hoy que tememos que el crimen organizado vuelva a participar en las pr\u00f3ximas elecciones desde las sombras, -como ha sucedido en las m\u00e1s recientes de ellas, en varias zonas del pa\u00eds-, no debemos correr el riesgo de improvisar funcionarios electorales que tomen decisiones importantes, como ha acontecido en la selecci\u00f3n de muchos cargos del poder ejecutivo federal, durante la actual administraci\u00f3n.<\/p>\n\n\n\n<p>Por ello hasta hoy la \u00fanica forma de llegar a ocupar una silla de consejero en el INE es a trav\u00e9s de un proceso de selecci\u00f3n, donde concursan los candidatos a partir de conocimientos t\u00e9cnicos en el tema y experiencia. Por ello durante las audiencias deben llevar propuestas que pongan en evidencia sus conocimientos y experiencia y adem\u00e1s, participar en \u201cex\u00e1menes de oposici\u00f3n\u201d. En el caso del Tribunal Federal Electoral, sucede lo mismo. Los conocimientos jur\u00eddicos en el \u00e1mbito de la legislaci\u00f3n electoral, son fundamentales.<\/p>\n\n\n\n<p>Respecto a las posiciones plurinominales en el Congreso sucede lo mismo.<\/p>\n\n\n\n<p>Las plurinominales tienen el objetivo de equilibrar el peso entre los partidos para evitar el avasallamiento simple de alg\u00fan partido mayoritario y dar voz a las minor\u00edas.<\/p>\n\n\n\n<p>Las cifras son contundentes: de los 500 diputados 200 son plurinominales y 300 de mayor\u00eda relativa, o sea, elegidos por el voto ciudadano.<\/p>\n\n\n\n<p>El ahorro presupuestal que se derivar\u00eda de eliminar las plurinominales, no es significativo.<\/p>\n\n\n\n<p>El problema no es que existan, sino que los partidos han abusado de esta figura, -que utilizada correctamente-, debiese representar la oportunidad de ubicar en el&nbsp;<strong>Congreso&nbsp;<\/strong>el perfil de un legislador t\u00e9cnico, que aporte conocimientos y experiencia a las labores legislativas.<\/p>\n\n\n\n<p>Es evidente que este perfil generalmente no es competitivo electoralmente, ya que la gente t\u00e9cnica habitualmente carece de carisma y por tanto, es incapaz de ganar una elecci\u00f3n.<\/p>\n\n\n\n<p>Usualmente los plurinominales son legisladores que llegan al Congreso sin tener la representatividad popular, pues son nominados a partir de las listas que aportan los partidos.<\/p>\n\n\n\n<p>Lo que ha generado animadversi\u00f3n p\u00fablica en contra de los plurinominales es que representan una posici\u00f3n de privilegio y comodidad, al estar eximidos de hacer campa\u00f1a, evit\u00e1ndose el esfuerzo que significa buscar el voto ciudadano. Los partidos habitualmente reservan estas posiciones para los favoritos de quienes toman las decisiones. Es frecuente que sean ocupadas por miembros del comit\u00e9 ejecutivo, -o por sus familiares-, o sean otorgadas a compromisos pol\u00edticos o incluso, en algunos casos excepcionales podr\u00edan ser vendidas estas posiciones al mejor postor,<br>constituyendo esta una pr\u00e1ctica de corrupci\u00f3n.<\/p>\n\n\n\n<p>Por tanto, el reto no es desaparecer las plurinominales, sino establecer candados para que quienes las ocupen tengan los atributos de conocimientos y experiencia que justifiquen su inclusi\u00f3n en ambas c\u00e1maras, para hacer aportaciones que puedan enriquecer el trabajo legislativo.<\/p>\n\n\n\n<p>Seguramente la legislaci\u00f3n electoral es perfectible y deba someterse a un an\u00e1lisis minucioso para robustecerla y ajustarla a las condiciones del contexto actual, -principalmente para minimizar el riesgo de intromisi\u00f3n de la delincuencia organizada-, que hoy es quiz\u00e1 el mayor peligro que enfrenta nuestra democracia.<\/p>\n\n\n\n<p>Quiz\u00e1 este sea el momento de considerar la utilizaci\u00f3n de la tecnolog\u00eda inform\u00e1tica y la inteligencia artificial para minimizar los riesgos de la incidencia delictiva en los procesos electorales, evitando tambi\u00e9n, -tanto la coacci\u00f3n-, como la compra del voto.<\/p>\n\n\n\n<p>Sin embargo, defender la independencia del \u00e1rbitro electoral es fundamental para mantener nuestra democracia.<\/p>\n\n\n\n<h2 class=\"wp-block-heading\">\u00bfLA TIERRA ES REDONDA?<\/h2>\n\n\n\n<p>Antes de que Crist\u00f3bal Col\u00f3n llegase a lo que hoy es Am\u00e9rica, -en 1492-, todos los cient\u00edficos de la \u00e9poca y anteriores aseguraban que la tierra era plana y terminaba en un abismo a donde ca\u00eda el mar. Fueron los estudios astron\u00f3micos de Col\u00f3n y su firme voluntad de defender su idea, que le impulsaron a buscar patrocinio para salir a explorar el oc\u00e9ano, seguro de que la tierra era redonda. A partir de \u00e9l todos sabemos que nuestro planeta es redondo.<\/p>\n\n\n\n<p>Lo que diga la mayor\u00eda no garantiza la veracidad. Por ello es necesario el conocimiento derivado de estudios profundos, que garantizan certeza y confianza.<\/p>\n\n\n\n<p>La construcci\u00f3n del tramo 5 del Tren Maya no puede sustentarse en la opini\u00f3n de los habitantes del ejido Jacinto Pat, que por su conveniencia apoyan la construcci\u00f3n del tramo 5 de este ferrocarril, como lo externan en el video producido por el gobierno federal en respuesta a la campa\u00f1a \u201cS\u00e9lvame del Tren\u201d.<\/p>\n\n\n\n<p>Espele\u00f3logos, -que son los especialistas en el estudio de grutas, cuevas y cavernas y en las especies que en estas cavidades del subsuelo habitan-, aseguran que gran parte de la Pen\u00ednsula de Yucat\u00e1n tiene caracter\u00edsticas de fragilidad y porosidad, adem\u00e1s de ser altamente permeable y tendiente a los deslaves con las lluvias.<\/p>\n\n\n\n<p>El espele\u00f3logo<strong>&nbsp;Roberto Rojo<\/strong>&nbsp;describe a la Pen\u00ednsula de Yucat\u00e1n como un bloque de roca caliza que emergi\u00f3 del mar, dando a este territorio estas caracter\u00edsticas de suelo \u201ck\u00e1rstico\u201d, que es surcado en el subsuelo por cenotes y cuevas subterr\u00e1neas, -inundadas unas y semi-inundadas otras-, donde existen \u201creliquias geol\u00f3gicas y paleontol\u00f3gicas\u201d a\u00fan sin explorar.<\/p>\n\n\n\n<p>Por tanto, que los lugare\u00f1os propietarios de los ejidos por donde pasar\u00e1 el tramo 5 apoyen la construcci\u00f3n del Tren Maya en un video que circula por redes sociales y aseguren que no hay riesgos, no garantiza que podremos dar por v\u00e1lida su opini\u00f3n, pues ellos carecen de los conocimientos b\u00e1sicos que en contraste s\u00ed tienen los especialistas que hoy son ignorados.<\/p>\n\n\n\n<p>Como ejemplo podemos referirnos a la cueva denominada \u201cAvispa Enojada\u201d, la cual tiene m\u00e1s de tres kil\u00f3metros de longitud y se encuentra sobre el paso del ferrocarril. A su vez, a 500 metros de esta cueva se encuentra otra, -denominada \u201cAlita\u201d-, que tiene dos kil\u00f3metros de largo y tambi\u00e9n se interpone en la ruta del ferrocarril.<\/p>\n\n\n\n<p>Las prisas por construir esta obra presuponen riesgos. Por ello es obligado realizar estudios de impacto ambiental, aunque esto signifique retraso en la fecha de terminaci\u00f3n de esta megaobra.<\/p>\n\n\n\n<p>Un suelo tan fr\u00e1gil, -que durante varios tramos estar\u00e1 hueco-, no estar\u00e1 exento del riesgo de generar socavones derivados del paso de vagones de ferrocarril con carga, que generan vibraciones que podr\u00edan fracturar el suelo \u201ck\u00e1rstico\u201d, -no s\u00f3lo generando da\u00f1os al ecosistema-, sino tambi\u00e9n accidentes, donde podr\u00e1 estar en riesgo la vida de los pasajeros.<\/p>\n\n\n\n<p>Lo \u00fanico que se puede pedir ahora es la aplicaci\u00f3n previa de estudios de impacto ambiental, realizados por autoridades reconocidas y avaladas por su reputaci\u00f3n, -tanto t\u00e9cnica como moral-, y no por empresas que pueden ser f\u00e1cilmente cooptadas por los constructores para que entreguen diagn\u00f3sticos a modo.<\/p>\n\n\n\n<p>Muchas de estas cuevas est\u00e1n siendo descubiertas a partir de la deforestaci\u00f3n de la selva, realizada para abrir paso a las v\u00edas del ferrocarril.<\/p>\n\n\n\n<p>Galileo Galilei, matem\u00e1tico y astr\u00f3nomo italiano fue obligado a retractarse de sus descubrimientos astron\u00f3micos, principalmente de que la tierra gira alrededor del sol. Bajo amenazas de instituciones eclesi\u00e1sticas y gubernamentales fue obligado a retractarse p\u00fablicamente porque sus descubrimientos se opon\u00edan radicalmente a lo que se ense\u00f1aba en las universidades y era avalado por todos los dem\u00e1s cient\u00edficos de la \u00e9poca. Sin embargo, \u00e9l ten\u00eda raz\u00f3n en contra de la opini\u00f3n de toda la sociedad y de las comunidades cient\u00edfica y religiosa. Es el conocimiento cient\u00edfico la \u00fanica garant\u00eda de certeza en temas ambientales y no las opiniones de la gente ni de los gobernantes.<\/p>\n\n\n\n<h2 class=\"wp-block-heading\">EL APRENDIZ DE BRUJO<\/h2>\n\n\n\n<p>Cachetad\u00f3n con guante blanco le dio la realidad al \u201caprendiz de brujo\u201d que se mof\u00f3 de Eugenio Derbez por medi\u00f3 de Twitter, diciendo que desde los a\u00f1os 90s ya no volvi\u00f3 a ser el humorista de \u00e9xito que fue. Sin embargo, el Oscar otorgado a la pel\u00edcula \u201cCoda\u201d, en la cual Eugenio es uno de los protagonistas, lo coloca en el estrellato de la cinematograf\u00eda mundial.<\/p>\n\n\n\n<p>Es cierto que este importante premio no fue entregado a \u00e9l en lo personal, como lo manifestaron de inmediato sus nuevos detractores. Sin embargo, siendo otorgado como \u201cla mejor pel\u00edcula\u201d, premia a todos como equipo y por supuesto, ese reconocimiento se divide entre todos los que participaron en ella en la justa medida de su aportaci\u00f3n al \u00e9xito del filme. Ah\u00ed Eugenio, -como uno de los protagonistas-, tiene gran participaci\u00f3n.<\/p>\n\n\n\n<p>Es incomprensible que los diputados de&nbsp;<strong>MORENA&nbsp;<\/strong>denuncien ante el INE a los actores, m\u00fasicos, influencers y ambientalistas que se atrevieron a solicitar garant\u00edas para la construcci\u00f3n del tramo 5 del Tren Maya con medidas de seguridad y en contraste, ese partido y sus militantes tengan inundado todo el pa\u00eds con publicidad contratada para impulsar de forma directa y evidente la consulta de revocaci\u00f3n de mandato. Este s\u00ed es un delito electoral.<\/p>\n\n\n\n<p>\u00bfNo van a incluir tambi\u00e9n en su denuncia a los funcionarios del gobierno federal que respondieron a esta participaci\u00f3n ciudadana con un video a favor de que se contin\u00fae la construcci\u00f3n del tramo 5 de este ferrocarril?<\/p>\n\n\n\n<h2 class=\"wp-block-heading\">EL GOBIERNO DE LAS BUENAS INTENCIONES<\/h2>\n\n\n\n<p>En el \u201cReporte de Gobernabilidad de Marzo\u201d, que publica la empresa Metrics a partir del an\u00e1lisis de las conversaciones digitales, se define que en el contexto virtual el 51% de los ciudadanos que interact\u00faan en el \u00e1mbito digital desaprueba la gesti\u00f3n del presidente y el 45% s\u00ed la aprueba.<br>Sin embargo, es notorio que la gente a\u00fan lo apoya. La raz\u00f3n de ese respaldo es porque perciben que \u201ctiene buenas intenciones\u201d.<\/p>\n\n\n\n<p>M\u00e9xico es uno de los pocos pa\u00edses del mundo donde las intenciones valen m\u00e1s que el desempe\u00f1o real y los buenos resultados.<\/p>\n\n\n\n<p><br>\u00bfA usted qu\u00e9 le parece?<br>\u00a0<em>Facebook: @Ricardo.Homs1<br>Twitter: @homsricardo<br>Linkedin: Ricardo Homs<br><a href=\"http:\/\/www.ricardohoms.com\/\">www.ricardohoms.com<\/a><\/em><\/p>\n","protected":false},"excerpt":{"rendered":"<p>Ricardo Homs La amenaza del presidente&nbsp;L\u00f3pez Obrador&nbsp;respecto a que despu\u00e9s del 10 de abril propondr\u00e1 una reforma electoral y con ella el INE ser\u00e1 desmantelado, es preocupante. Es una amenaza porque pretende meter presi\u00f3n a los funcionarios del instituto, a fin de que se dobleguen y hagan de la consulta de revocaci\u00f3n de mandato un [&hellip;]<\/p>\n","protected":false},"author":18,"featured_media":39121,"comment_status":"open","ping_status":"open","sticky":false,"template":"","format":"standard","meta":{"_monsterinsights_skip_tracking":false,"_monsterinsights_sitenote_active":false,"_monsterinsights_sitenote_note":"","_monsterinsights_sitenote_category":0,"footnotes":""},"categories":[246],"tags":[173],"class_list":["post-48649","post","type-post","status-publish","format-standard","has-post-thumbnail","hentry","category-ricardo-homs","tag-ricardo-homs","wp-image-borders"],"amp_enabled":true,"_links":{"self":[{"href":"https:\/\/nvnoticias.mx\/index.php\/wp-json\/wp\/v2\/posts\/48649","targetHints":{"allow":["GET"]}}],"collection":[{"href":"https:\/\/nvnoticias.mx\/index.php\/wp-json\/wp\/v2\/posts"}],"about":[{"href":"https:\/\/nvnoticias.mx\/index.php\/wp-json\/wp\/v2\/types\/post"}],"author":[{"embeddable":true,"href":"https:\/\/nvnoticias.mx\/index.php\/wp-json\/wp\/v2\/users\/18"}],"replies":[{"embeddable":true,"href":"https:\/\/nvnoticias.mx\/index.php\/wp-json\/wp\/v2\/comments?post=48649"}],"version-history":[{"count":1,"href":"https:\/\/nvnoticias.mx\/index.php\/wp-json\/wp\/v2\/posts\/48649\/revisions"}],"predecessor-version":[{"id":48650,"href":"https:\/\/nvnoticias.mx\/index.php\/wp-json\/wp\/v2\/posts\/48649\/revisions\/48650"}],"wp:featuredmedia":[{"embeddable":true,"href":"https:\/\/nvnoticias.mx\/index.php\/wp-json\/wp\/v2\/media\/39121"}],"wp:attachment":[{"href":"https:\/\/nvnoticias.mx\/index.php\/wp-json\/wp\/v2\/media?parent=48649"}],"wp:term":[{"taxonomy":"category","embeddable":true,"href":"https:\/\/nvnoticias.mx\/index.php\/wp-json\/wp\/v2\/categories?post=48649"},{"taxonomy":"post_tag","embeddable":true,"href":"https:\/\/nvnoticias.mx\/index.php\/wp-json\/wp\/v2\/tags?post=48649"}],"curies":[{"name":"wp","href":"https:\/\/api.w.org\/{rel}","templated":true}]}}