{"id":48610,"date":"2022-04-06T13:15:45","date_gmt":"2022-04-06T18:15:45","guid":{"rendered":"https:\/\/nvnoticias.mx\/?p=48610"},"modified":"2022-04-06T13:15:46","modified_gmt":"2022-04-06T18:15:46","slug":"abogados-de-veracruz-se-pronuncian-contra-permanencia-de-isabel-romero-cruz","status":"publish","type":"post","link":"https:\/\/nvnoticias.mx\/index.php\/2022\/04\/06\/abogados-de-veracruz-se-pronuncian-contra-permanencia-de-isabel-romero-cruz\/","title":{"rendered":"Abogados de Veracruz se pronuncian contra permanencia de Isabel Romero Cruz"},"content":{"rendered":"\n<p class=\"wp-block-paragraph\"><strong>Jes\u00fas Utrilla \/ NV Noticias<\/strong><\/p>\n\n\n\n<p class=\"wp-block-paragraph\">Abogados de Veracruz solicitaron la jubilaci\u00f3n de la presidenta del Poder Judicial, Isabel Romero Cruz.<\/p>\n\n\n\n<p class=\"wp-block-paragraph\">Guadalupe Del Rosario Gayot Lara, presidenta del Colegio de Abogados de Veracruz A.C., consider\u00f3 que su dispensa no es v\u00e1lida, adem\u00e1s el Poder Judicial se encuentra en crisis.<\/p>\n\n\n\n<blockquote class=\"wp-block-quote is-layout-flow wp-block-quote-is-layout-flow\"><p>\u201c<em>La presidenta present\u00f3 una dispensa para continuar en el cargo y queremos manifestar en que no estamos de acuerdo en que ella haya presentado esa petici\u00f3n<\/em>\u201d.\u00a0<\/p><\/blockquote>\n\n\n\n<p class=\"wp-block-paragraph\">Mencion\u00f3 que Ciudad Judicial de Veracruz carece de aires acondicionados en las oficinas y los elevadores no funcionan.<\/p>\n\n\n\n<p class=\"wp-block-paragraph\">Adem\u00e1s es la segunda ocasi\u00f3n en que se rompen los cristales y salen volando los expedientes.<\/p>\n\n\n\n<blockquote class=\"wp-block-quote is-layout-flow wp-block-quote-is-layout-flow\"><p>\u201c<em>Los elevadores y los aires acondicionados tienen m\u00e1s de tres a\u00f1os que no funcionan adecuadamente. Aparentemente les han dado mantenimiento y en este momento lleva una semana sin funcionar el aire acondicionado de la mitad del edificio<\/em>\u201d.<\/p><\/blockquote>\n\n\n\n<p class=\"wp-block-paragraph\">Se\u00f1al\u00f3 que la Constituci\u00f3n de Veracruz se\u00f1ala que los funcionarios pueden presentarla por una causa justificada y de utilidad p\u00fablica.<\/p>\n\n\n\n<p class=\"wp-block-paragraph\">A su parecer no hay raz\u00f3n que avale que Romero Cruz contin\u00fae al frente del tribunal.<\/p>\n\n\n\n<p class=\"wp-block-paragraph\">A su parecer la presidenta del tribunal no ha mejorado la impartici\u00f3n de justicia en la entidad y no hay justificaci\u00f3n alguna para que ahora que cumpli\u00f3 70 a\u00f1os permanezca en el cargo, por lo que exigieron que se jubile.<\/p>\n","protected":false},"excerpt":{"rendered":"<p>Jes\u00fas Utrilla \/ NV Noticias Abogados de Veracruz solicitaron la jubilaci\u00f3n de la presidenta del Poder Judicial, Isabel Romero Cruz. Guadalupe Del Rosario Gayot Lara, presidenta del Colegio de Abogados de Veracruz A.C., consider\u00f3 que su dispensa no es v\u00e1lida, adem\u00e1s el Poder Judicial se encuentra en crisis. \u201cLa presidenta present\u00f3 una dispensa para continuar [&hellip;]<\/p>\n","protected":false},"author":8,"featured_media":48611,"comment_status":"open","ping_status":"open","sticky":false,"template":"","format":"standard","meta":{"_monsterinsights_skip_tracking":false,"footnotes":""},"categories":[154],"tags":[351,13051,180],"class_list":["post-48610","post","type-post","status-publish","format-standard","has-post-thumbnail","hentry","category-veracruz","tag-abogados","tag-isabel-romero-cruz","tag-veracruz","wp-image-borders"],"amp_enabled":true,"_links":{"self":[{"href":"https:\/\/nvnoticias.mx\/index.php\/wp-json\/wp\/v2\/posts\/48610","targetHints":{"allow":["GET"]}}],"collection":[{"href":"https:\/\/nvnoticias.mx\/index.php\/wp-json\/wp\/v2\/posts"}],"about":[{"href":"https:\/\/nvnoticias.mx\/index.php\/wp-json\/wp\/v2\/types\/post"}],"author":[{"embeddable":true,"href":"https:\/\/nvnoticias.mx\/index.php\/wp-json\/wp\/v2\/users\/8"}],"replies":[{"embeddable":true,"href":"https:\/\/nvnoticias.mx\/index.php\/wp-json\/wp\/v2\/comments?post=48610"}],"version-history":[{"count":1,"href":"https:\/\/nvnoticias.mx\/index.php\/wp-json\/wp\/v2\/posts\/48610\/revisions"}],"predecessor-version":[{"id":48612,"href":"https:\/\/nvnoticias.mx\/index.php\/wp-json\/wp\/v2\/posts\/48610\/revisions\/48612"}],"wp:featuredmedia":[{"embeddable":true,"href":"https:\/\/nvnoticias.mx\/index.php\/wp-json\/wp\/v2\/media\/48611"}],"wp:attachment":[{"href":"https:\/\/nvnoticias.mx\/index.php\/wp-json\/wp\/v2\/media?parent=48610"}],"wp:term":[{"taxonomy":"category","embeddable":true,"href":"https:\/\/nvnoticias.mx\/index.php\/wp-json\/wp\/v2\/categories?post=48610"},{"taxonomy":"post_tag","embeddable":true,"href":"https:\/\/nvnoticias.mx\/index.php\/wp-json\/wp\/v2\/tags?post=48610"}],"curies":[{"name":"wp","href":"https:\/\/api.w.org\/{rel}","templated":true}]}}